{"id":125926,"date":"2025-10-25T15:41:22","date_gmt":"2025-10-25T15:41:22","guid":{"rendered":"https:\/\/www.europesays.com\/pt\/125926\/"},"modified":"2025-10-25T15:41:22","modified_gmt":"2025-10-25T15:41:22","slug":"pode-ser-um-dos-melhores-do-mundo","status":"publish","type":"post","link":"https:\/\/www.europesays.com\/pt\/125926\/","title":{"rendered":"\u00abPode ser um dos melhores do mundo\u00bb"},"content":{"rendered":"<p>&#8211; Advertisement &#8211;<\/p>\n<p><strong>Pep Guardiola deixou elogios a Matheus Nunes. O internacional portugu\u00eas tem sido utilizado na lateral direita.<\/strong><\/p>\n<p>Pep Guardiola falou sobre Matheus Nunes, jogador do Manchester City que tem sido utilizado a lateral direito. O t\u00e9cnico espanhol afirmou que o internacional portugu\u00eas pode transformar-se num dos melhores do mundo nessa posi\u00e7\u00e3o:<\/p>\n<p>\u00abEsse jogo ajudou-nos a estar na Liga dos Campe\u00f5es esta \u00e9poca. Essa foi uma batalha contra v\u00e1rios clubes e esse golo [de Matheus Nunes] ajudou-nos imenso, depois do percal\u00e7o com o Southampton-Ele pode ser um lateral direito incr\u00edvel. \u00c9 um m\u00e9dio com uma fisicalidade incr\u00edvel e, desde que se foque, pode tornar-se num dos melhores [nessa posi\u00e7\u00e3o]\u00bb.<\/p>\n<p>Matheus Nunes \u00e9 um m\u00e9dio de origem, mas tem contado cada vez mais na ala. O jogador de 27 anos leva esta temporada um total de nove encontros, com um golo marcado. O seu contrato termina em 2028. Chegou ao Etihad em 2023, proveniente do <a href=\"https:\/\/bolanarede.pt\/etiqueta\/wolverhampton\" target=\"_blank\" rel=\"noreferrer noopener nofollow\">Wolverhampton<\/a>.<\/p>\n","protected":false},"excerpt":{"rendered":"&#8211; Advertisement &#8211; Pep Guardiola deixou elogios a Matheus Nunes. O internacional portugu\u00eas tem sido utilizado na lateral&hellip;\n","protected":false},"author":2,"featured_media":119692,"comment_status":"","ping_status":"","sticky":false,"template":"","format":"standard","meta":{"footnotes":""},"categories":[87],"tags":[260,135,478,1382,21841,2960,32,666,33,134],"class_list":{"0":"post-125926","1":"post","2":"type-post","3":"status-publish","4":"format-standard","5":"has-post-thumbnail","7":"category-desporto","8":"tag-atualidade","9":"tag-desporto","10":"tag-destaques-bnr","11":"tag-manchester-city","12":"tag-matheus-nunes","13":"tag-pep-guardiola","14":"tag-portugal","15":"tag-premier-league","16":"tag-pt","17":"tag-sports"},"share_on_mastodon":{"url":"https:\/\/pubeurope.com\/@pt\/115435568156077098","error":""},"_links":{"self":[{"href":"https:\/\/www.europesays.com\/pt\/wp-json\/wp\/v2\/posts\/125926","targetHints":{"allow":["GET"]}}],"collection":[{"href":"https:\/\/www.europesays.com\/pt\/wp-json\/wp\/v2\/posts"}],"about":[{"href":"https:\/\/www.europesays.com\/pt\/wp-json\/wp\/v2\/types\/post"}],"author":[{"embeddable":true,"href":"https:\/\/www.europesays.com\/pt\/wp-json\/wp\/v2\/users\/2"}],"replies":[{"embeddable":true,"href":"https:\/\/www.europesays.com\/pt\/wp-json\/wp\/v2\/comments?post=125926"}],"version-history":[{"count":0,"href":"https:\/\/www.europesays.com\/pt\/wp-json\/wp\/v2\/posts\/125926\/revisions"}],"wp:featuredmedia":[{"embeddable":true,"href":"https:\/\/www.europesays.com\/pt\/wp-json\/wp\/v2\/media\/119692"}],"wp:attachment":[{"href":"https:\/\/www.europesays.com\/pt\/wp-json\/wp\/v2\/media?parent=125926"}],"wp:term":[{"taxonomy":"category","embeddable":true,"href":"https:\/\/www.europesays.com\/pt\/wp-json\/wp\/v2\/categories?post=125926"},{"taxonomy":"post_tag","embeddable":true,"href":"https:\/\/www.europesays.com\/pt\/wp-json\/wp\/v2\/tags?post=125926"}],"curies":[{"name":"wp","href":"https:\/\/api.w.org\/{rel}","templated":true}]}}