{"id":125929,"date":"2025-10-25T15:43:19","date_gmt":"2025-10-25T15:43:19","guid":{"rendered":"https:\/\/www.europesays.com\/pt\/125929\/"},"modified":"2025-10-25T15:43:19","modified_gmt":"2025-10-25T15:43:19","slug":"catarina-miranda-e-sergio-duarte-ja-reagiram-aos-rumores-de-estarem-de-costas-voltadas","status":"publish","type":"post","link":"https:\/\/www.europesays.com\/pt\/125929\/","title":{"rendered":"Catarina Miranda e S\u00e9rgio Duarte j\u00e1 reagiram aos rumores de estarem de costas voltadas"},"content":{"rendered":"<p>\t\t\t\t\t\t\t\t\t\t\t\t<a href=\"#\" onclick=\"window.open('http:\/\/www.facebook.com\/sharer.php?u=https:\/\/cusquices.com\/catarina-miranda-e-sergio-duarte-ja-reagiram-aos-rumores-de-estarem-de-costas-voltadas\/&amp;t=Catarina Miranda e S\u00e9rgio Duarte j\u00e1 reagiram aos rumores de estarem de costas voltadas', 'facebookShare', 'width=626,height=436'); return false;\" title=\"Share on Facebook\"><\/p>\n<p>Share<\/p>\n<p><\/a><br \/>\n\t\t\t\t\t\t\t\t\t\t\t\t<a href=\"#\" onclick=\"window.open('http:\/\/twitter.com\/share?text=Catarina Miranda e S\u00e9rgio Duarte j\u00e1 reagiram aos rumores de estarem de costas voltadas -&amp;url=https:\/\/cusquices.com\/catarina-miranda-e-sergio-duarte-ja-reagiram-aos-rumores-de-estarem-de-costas-voltadas\/', 'twitterShare', 'width=626,height=436'); return false;\" title=\"Tweet This Post\"><\/p>\n<p>Tweet<\/p>\n<p><\/a><br \/>\n\t\t\t\t\t\t\t\t\t\t\t\t<a href=\"whatsapp:\/\/send?text=Catarina Miranda e S\u00e9rgio Duarte j\u00e1 reagiram aos rumores de estarem de costas voltadas https:\/\/cusquices.com\/catarina-miranda-e-sergio-duarte-ja-reagiram-aos-rumores-de-estarem-de-costas-voltadas\/\" rel=\"nofollow\"><\/p>\n<p>Share<\/p>\n<p><\/a><br \/>\n\t\t\t\t\t\t\t\t\t\t\t\t<a href=\"#\" onclick=\"window.open('http:\/\/pinterest.com\/pin\/create\/button\/?url=https:\/\/cusquices.com\/catarina-miranda-e-sergio-duarte-ja-reagiram-aos-rumores-de-estarem-de-costas-voltadas\/&amp;media=https:\/\/cusquices.com\/wp-content\/uploads\/2025\/07\/sergiod-catarinam-1000x600.png&amp;description=Catarina Miranda e S\u00e9rgio Duarte j\u00e1 reagiram aos rumores de estarem de costas voltadas', 'pinterestShare', 'width=750,height=350'); return false;\" title=\"Pin This Post\"><\/p>\n<p>Share<\/p>\n<p><\/a><br \/>\n\t\t\t\t\t\t\t\t\t\t\t\t<a href=\"mailto:?subject=Catarina Miranda e S\u00e9rgio Duarte j\u00e1 reagiram aos rumores de estarem de costas voltadas&amp;BODY=I found this article interesting and thought of sharing it with you. Check it out: https:\/\/cusquices.com\/catarina-miranda-e-sergio-duarte-ja-reagiram-aos-rumores-de-estarem-de-costas-voltadas\/\"><\/p>\n<p>Email<\/p>\n<p><\/a><br \/>\n\t\t\t\t\t\t\t\t\t\t\t\t\t\t\t\t\t\t\t\t\t\t\t\t\t\t\t\t\t\t\t\t\t\t\t\t\t\t\t\t\t\t\t\t\t\t\t\t\t\t\t\t\t<a href=\"https:\/\/cusquices.com\/catarina-miranda-e-sergio-duarte-ja-reagiram-aos-rumores-de-estarem-de-costas-voltadas\/#respond\" rel=\"nofollow noopener\" target=\"_blank\"><\/p>\n<p>Catarina Miranda deixou de seguir S\u00e9rgio e a sua esposa nas redes sociais. Ap\u00f3s os rumores sobre o fim da amizade, ambos j\u00e1 reagiram.<\/p>\n<p><strong>Catarina Miranda e S\u00e9rgio Duarte <\/strong>conheceram-se durante a participa\u00e7\u00e3o no<strong> Big Brother 2024.<\/strong> Os dois criaram uma bonita amizade que perdurou c\u00e1 fora. Os dois amigos tornaram-se insepar\u00e1veis e Miranda tornou-se presen\u00e7a ass\u00eddua na casa do GNR, intitulando-se como tia das suas filhas, e at\u00e9 madrinha da filha mais nova de S\u00e9rgio.<\/p>\n<p><strong>S\u00e9rgio Duarte <\/strong>foi o grande defensor de <strong>Catarina Miranda <\/strong>durante a sua participa\u00e7\u00e3o no<strong> Big Brother Ver\u00e3o<\/strong> e deu muitas vezes a cara para defender a amiga tanto nas redes sociais como na TVI. Ap\u00f3s a sa\u00edda de <strong>Catarina<\/strong> do reality show, ambos fizeram diversas partilhas onde se mostraram juntos e <strong>Afonso Leit\u00e3o<\/strong>, tamb\u00e9m se tornou figura ass\u00eddua da casa do GNR.<\/p>\n<p>No entanto, desde a viagem de <strong>Catarina Miranda e Afonso Leit\u00e3o<\/strong> a It\u00e1lia, que a jovem de Almeirim n\u00e3o se mostrou mais com S\u00e9rgio e a sua fam\u00edlia, e at\u00e9 o deixou de seguir nas redes sociais.<\/p>\n<p>A <a href=\"https:\/\/www.tvguia.pt\/estrelas\/detalhe\/bronca-catarina-miranda-e-sergio-duarte-de-costas-voltadas-ele-contam-toda-a-verdade-em-exclusivo-a-tv-guia\" target=\"_blank\" rel=\"noreferrer noopener nofollow\">TV Guia<\/a> esteve \u00e0 conversa com <strong>Catarina Miranda e S\u00e9rgio Duarte <\/strong>sobre os rumores do fim da amizade.  <strong>Catarina Miranda <\/strong>n\u00e3o quis desenvolver o assunto e afirmou:\u201d<strong>N\u00e3o aconteceu nada, n\u00e3o vou falar sobre isso<\/strong>\u201c, no entanto, a jovem de Almeirim deixou de seguir o GNR e at\u00e9 a sua esposa, Vanda, com quem tinha criado uma loja online de roupa.<\/p>\n<p><strong>S\u00e9rgio Duarte<\/strong> tamb\u00e9m foi confrontado pelo site da revista e garantiu: \u201c<strong>Vi uma not\u00edcia a dizer que n\u00e3o nos seguimos, mas eu sigo a Catarina. Estou neste momento a trabalhar, n\u00e3o deixei de seguir ningu\u00e9m. E tamb\u00e9m n\u00e3o fui confrontar, mas do meu lado est\u00e1 tudo bem<\/strong>\u201c. De salientar, que tanto S\u00e9rgio, como a esposa Vanda, continuam a seguir Catarina nas redes sociais.<\/p>\n<p>Ap\u00f3s a especula\u00e7\u00e3o da imprensa e dos f\u00e3s, Miranda partilhou um registo com as filhas de S\u00e9rgio, que parece ser antigo e continua sem seguir S\u00e9rgio Duarte e Vanda.<\/p>\n<p>\t\t\t\t\t\t\t\t\t\t\t\t\t\t\t\t\t\t\t\t\t\t\t\t\t<img decoding=\"async\" src=\"https:\/\/www.europesays.com\/pt\/wp-content\/uploads\/2025\/10\/cusquices-logo-52x.png\" class=\"webpexpress-processed\"\/><\/p>\n<p>\t\t\t\t\t\t\t\t\t\t\t\t\t\t\t\t\t\t\t\t\t            \t\t\t\t\t\t\t\t\t\t\t\t\t\t\t\t\t\t\t\t\t\t\t\t\t\t\t\t\t\t\t\t\t\t\t\t\t\t\t<script async src=\"https:\/\/platform.twitter.com\/widgets.js\" charset=\"utf-8\"><\/script><\/p>\n","protected":false},"excerpt":{"rendered":"Share Tweet Share Share Email Catarina Miranda deixou de seguir S\u00e9rgio e a sua esposa nas redes sociais.&hellip;\n","protected":false},"author":2,"featured_media":12315,"comment_status":"","ping_status":"","sticky":false,"template":"","format":"standard","meta":{"footnotes":""},"categories":[85],"tags":[342,49,114,115,980,32,33,5068],"class_list":{"0":"post-125929","1":"post","2":"type-post","3":"status-publish","4":"format-standard","5":"has-post-thumbnail","7":"category-entretenimento","8":"tag-catarina-miranda","9":"tag-destaques","10":"tag-entertainment","11":"tag-entretenimento","12":"tag-famosos","13":"tag-portugal","14":"tag-pt","15":"tag-sergio-duarte"},"share_on_mastodon":{"url":"https:\/\/pubeurope.com\/@pt\/115435576210869581","error":""},"_links":{"self":[{"href":"https:\/\/www.europesays.com\/pt\/wp-json\/wp\/v2\/posts\/125929","targetHints":{"allow":["GET"]}}],"collection":[{"href":"https:\/\/www.europesays.com\/pt\/wp-json\/wp\/v2\/posts"}],"about":[{"href":"https:\/\/www.europesays.com\/pt\/wp-json\/wp\/v2\/types\/post"}],"author":[{"embeddable":true,"href":"https:\/\/www.europesays.com\/pt\/wp-json\/wp\/v2\/users\/2"}],"replies":[{"embeddable":true,"href":"https:\/\/www.europesays.com\/pt\/wp-json\/wp\/v2\/comments?post=125929"}],"version-history":[{"count":0,"href":"https:\/\/www.europesays.com\/pt\/wp-json\/wp\/v2\/posts\/125929\/revisions"}],"wp:featuredmedia":[{"embeddable":true,"href":"https:\/\/www.europesays.com\/pt\/wp-json\/wp\/v2\/media\/12315"}],"wp:attachment":[{"href":"https:\/\/www.europesays.com\/pt\/wp-json\/wp\/v2\/media?parent=125929"}],"wp:term":[{"taxonomy":"category","embeddable":true,"href":"https:\/\/www.europesays.com\/pt\/wp-json\/wp\/v2\/categories?post=125929"},{"taxonomy":"post_tag","embeddable":true,"href":"https:\/\/www.europesays.com\/pt\/wp-json\/wp\/v2\/tags?post=125929"}],"curies":[{"name":"wp","href":"https:\/\/api.w.org\/{rel}","templated":true}]}}