{"id":125942,"date":"2025-10-25T15:57:26","date_gmt":"2025-10-25T15:57:26","guid":{"rendered":"https:\/\/www.europesays.com\/pt\/125942\/"},"modified":"2025-10-25T15:57:26","modified_gmt":"2025-10-25T15:57:26","slug":"jeans-pretos-estao-proibidos-este-outono-e-esta-a-cor-tendencia-para-a-estacao","status":"publish","type":"post","link":"https:\/\/www.europesays.com\/pt\/125942\/","title":{"rendered":"Jeans pretos est\u00e3o proibidos este outono. \u00c9 esta a cor tend\u00eancia para a esta\u00e7\u00e3o"},"content":{"rendered":"<p>Durante o outono e o inverno, ou seja, nos meses mais frios e chuvosos do ano, a maioria das pessoas come\u00e7a a usar pe\u00e7as em tons mais s\u00f3brios e escuros, como o preto. \u00c9, sem d\u00favida, uma cor ideal para estes meses, mas parece que <a href=\"https:\/\/versa.iol.pt\/jeans\/levi-s\/sao-mesmo-estes-os-jeans-perfeitos-para-as-mulheres-mais-baixas\/20251009\/68e7773ad34ee0c2fed10a52\" rel=\"nofollow noopener\" target=\"_blank\">pode n\u00e3o ser a melhor para os teus jeans<\/a>.\u00a0<\/p>\n<p>Continuam, claro, a ser um cl\u00e1ssico intemporal, mas, segundo as tend\u00eancias de moda deste ano, as cal\u00e7as de ganga querem-se numa cor diferente e n\u00e3o menos outonal. Como assim? Durante os pr\u00f3ximos tempos est\u00e1 em destaque o camel&#8230;\u00a0<\/p>\n<p>Trata-se de uma cor t\u00e3o &#8220;neutra, elegante e cl\u00e1ssica&#8221; como o preto, l\u00ea-se no <a href=\"https:\/\/www.whowhatwear.com\/fashion\/denim\/dated-autumn-jeans-trends-2025\" target=\"_blank\" rel=\"nofollow noopener\">Who What Wear<\/a>. Para al\u00e9m disso, as pe\u00e7as neste tom, especialmente as cal\u00e7as, acabam por &#8220;dar um toque diferente a um look&#8221;.\u00a0<\/p>\n<p>\u00c9, ali\u00e1s, uma cor muito f\u00e1cil de conjugar com outras t\u00edpicas da esta\u00e7\u00e3o, como <a href=\"https:\/\/versa.iol.pt\/moda\/pantone\/e-a-cor-do-ano-para-2025-e-amiga-da-tendencia-quiet-luxury\/20241205\/6751b9ebd34ea1acf271768e\" rel=\"nofollow noopener\" target=\"_blank\">mocha mousse, a cor do ano, segundo a Pantone<\/a>, <a href=\"https:\/\/versa.iol.pt\/infanta-sofia\/mango\/repararam-que-infanta-sofia-voltou-a-vestir-mango-em-encontro-especial\/20251023\/68fa04dfd34ee0c2fed19475\" rel=\"nofollow noopener\" target=\"_blank\">o bord\u00f4, cada vez mais f\u00e1cil de encontrar em roupa e acess\u00f3rios<\/a>, <a href=\"https:\/\/versa.iol.pt\/casaco\/asos\/o-modelo-deste-outono-na-cor-certa-sim-so-temos-olhos-para-este-casaco\/20251019\/68f0a20ed34e58bc6796f03b\" rel=\"nofollow noopener\" target=\"_blank\">assim como o verde azeitona<\/a>.\u00a0<\/p>\n<p>N\u00e3o precisas de procurar muito para encontrar boas op\u00e7\u00f5es de jeans em camel. H\u00e1 alternativas na Zara, Mango, Massimo Dutti e Parfois. Reunimos algumas sugest\u00f5es na galeria de imagens. S\u00f3 tens de escolher.\u00a0<\/p>\n","protected":false},"excerpt":{"rendered":"Durante o outono e o inverno, ou seja, nos meses mais frios e chuvosos do ano, a maioria&hellip;\n","protected":false},"author":2,"featured_media":62740,"comment_status":"","ping_status":"","sticky":false,"template":"","format":"standard","meta":{"footnotes":""},"categories":[85],"tags":[1081,8403,204,114,115,754,4166,186,1079,17792,32,33,1078,1080],"class_list":{"0":"post-125942","1":"post","2":"type-post","3":"status-publish","4":"format-standard","5":"has-post-thumbnail","7":"category-entretenimento","8":"tag-beleza","9":"tag-calcas","10":"tag-design","11":"tag-entertainment","12":"tag-entretenimento","13":"tag-gastronomia","14":"tag-jeans","15":"tag-lifestyle","16":"tag-moda","17":"tag-outono-inverno","18":"tag-portugal","19":"tag-pt","20":"tag-versa","21":"tag-viagens"},"share_on_mastodon":{"url":"https:\/\/pubeurope.com\/@pt\/115435631025277034","error":""},"_links":{"self":[{"href":"https:\/\/www.europesays.com\/pt\/wp-json\/wp\/v2\/posts\/125942","targetHints":{"allow":["GET"]}}],"collection":[{"href":"https:\/\/www.europesays.com\/pt\/wp-json\/wp\/v2\/posts"}],"about":[{"href":"https:\/\/www.europesays.com\/pt\/wp-json\/wp\/v2\/types\/post"}],"author":[{"embeddable":true,"href":"https:\/\/www.europesays.com\/pt\/wp-json\/wp\/v2\/users\/2"}],"replies":[{"embeddable":true,"href":"https:\/\/www.europesays.com\/pt\/wp-json\/wp\/v2\/comments?post=125942"}],"version-history":[{"count":0,"href":"https:\/\/www.europesays.com\/pt\/wp-json\/wp\/v2\/posts\/125942\/revisions"}],"wp:featuredmedia":[{"embeddable":true,"href":"https:\/\/www.europesays.com\/pt\/wp-json\/wp\/v2\/media\/62740"}],"wp:attachment":[{"href":"https:\/\/www.europesays.com\/pt\/wp-json\/wp\/v2\/media?parent=125942"}],"wp:term":[{"taxonomy":"category","embeddable":true,"href":"https:\/\/www.europesays.com\/pt\/wp-json\/wp\/v2\/categories?post=125942"},{"taxonomy":"post_tag","embeddable":true,"href":"https:\/\/www.europesays.com\/pt\/wp-json\/wp\/v2\/tags?post=125942"}],"curies":[{"name":"wp","href":"https:\/\/api.w.org\/{rel}","templated":true}]}}