{"id":125958,"date":"2025-10-25T16:18:15","date_gmt":"2025-10-25T16:18:15","guid":{"rendered":"https:\/\/www.europesays.com\/pt\/125958\/"},"modified":"2025-10-25T16:18:15","modified_gmt":"2025-10-25T16:18:15","slug":"dudu-pelizzari-e-nathalia-florentino-comentam-reencontro-de-caius-e-elisa-em-final-emocionante-de-o-senhor-e-a-serva-record","status":"publish","type":"post","link":"https:\/\/www.europesays.com\/pt\/125958\/","title":{"rendered":"Dudu Pelizzari e Nathalia Florentino comentam reencontro de Caius e Elisa em final emocionante de O Senhor e a Serva \u2013 Record"},"content":{"rendered":"<p><img decoding=\"async\" data-chromatic=\"ignore\" alt=\"\" class=\"c-image\" loading=\"lazy\" src=\"https:\/\/www.europesays.com\/pt\/wp-content\/uploads\/2025\/10\/2SKT3ZJJZJH45HFFN5PB2USW24.png\"  width=\"677\" height=\"369\"\/>\u00daltimas cenas de Caius e Elisa foram gravadas em fazenda de Minas Gerais Ana Mello\/R7 <\/p>\n<p class=\"jarvics:base-text-neutral-high-400 base-text-[calc(theme(fontSize.xs)_*_var(--font-size,_1))] base-font-normal base-font-primary base-text-neutral-low-500 base-text-left\">Dudu Pelizzari e Nathalia Florentino finalizaram a trama de <a href=\"https:\/\/record.r7.com\/o-senhor-e-a-serva\/\" rel=\"nofollow noopener\" title=\"https:\/\/record.r7.com\/o-senhor-e-a-serva\/\" target=\"_blank\"><b>O Senhor e a Serva<\/b><\/a> com um reencontro emocionante de Caius e Elisa. O casal finalmente p\u00f4de ter um final feliz, ao dividirem a mesma f\u00e9 em Jesus, e se casarem em um belo cen\u00e1rio.<\/p>\n<p class=\"jarvics:base-text-neutral-high-400 base-text-[calc(theme(fontSize.xs)_*_var(--font-size,_1))] base-font-normal base-font-primary base-text-neutral-low-500 base-text-left\">Os artistas gravaram as cenas do casamento durante viagem do elenco para Po\u00e7os de Caldas, em Minas Gerais. A celebra\u00e7\u00e3o aconteceu em meio \u00e0s oliveiras de uma fazenda de azeite, que serviu de loca\u00e7\u00e3o para a miniss\u00e9rie e encantou o elenco. Para Dudu, o momento \u00e9 a materializa\u00e7\u00e3o do amor de Caius e Elisa.<\/p>\n<p class=\"jarvics:base-text-neutral-high-400 base-text-[calc(theme(fontSize.xs)_*_var(--font-size,_1))] base-font-normal base-font-primary base-text-neutral-low-500 base-text-left\">\u201c\u00c9 um momento emocionante n\u00e3o s\u00f3 para quem assiste, mas para a gente que viveu essa experi\u00eancia tamb\u00e9m, num lugar t\u00e3o bonito. \u00c9 o reencontro de um amor, uma segunda chance para ele acontecer. E a celebra\u00e7\u00e3o diante de Deus e da f\u00e9\u201d, destaca o ator.<\/p>\n<p class=\"jarvics:base-text-neutral-high-400 base-text-[calc(theme(fontSize.xs)_*_var(--font-size,_1))] base-font-normal base-font-primary base-text-neutral-low-500 base-text-left\">Para Nathalia, al\u00e9m do reencontro amoroso dos dois, houve um fortalecimento da f\u00e9 dos personagens.<\/p>\n<p class=\"jarvics:base-text-neutral-high-400 base-text-[calc(theme(fontSize.xs)_*_var(--font-size,_1))] base-font-normal base-font-primary base-text-neutral-low-500 base-text-left\">\u201cA nossa hist\u00f3ria \u00e9 muito bonita, porque \u00e9 humana. Ela mostra um relacionamento com todas as dores e amores, as fragilidades, as for\u00e7as, o sacrif\u00edcio e a resist\u00eancia\u201d, define Nathalia.<\/p>\n<p><img decoding=\"async\" data-chromatic=\"ignore\" alt=\"\" class=\"c-image\" loading=\"lazy\" src=\"https:\/\/www.europesays.com\/pt\/wp-content\/uploads\/2025\/10\/3VRACVWXM5A47D6RQBIS2QGWZQ.jpeg\"  width=\"1280\" height=\"720\"\/>Nathalia Florentino cantou em cena de reencontro de Caius e Elisa Ana Mello\/R7 Reencontro<\/p>\n<p class=\"jarvics:base-text-neutral-high-400 base-text-[calc(theme(fontSize.xs)_*_var(--font-size,_1))] base-font-normal base-font-primary base-text-neutral-low-500 base-text-left\">A cena do reencontro do casal acontece ap\u00f3s Caius achar que a amada estava morta. A serva, por sua vez, procurava pelo paradeiro do ex-capit\u00e3o.<\/p>\n<p class=\"jarvics:base-text-neutral-high-400 base-text-[calc(theme(fontSize.xs)_*_var(--font-size,_1))] base-font-normal base-font-primary base-text-neutral-low-500 base-text-left\">\u201cDepois de ter vivido o luto, a dor da perda e de ter se encontrado na f\u00e9, Caius reencontra esse amor ap\u00f3s uma ora\u00e7\u00e3o que ele faz, pedindo para Deus o guiar e orient\u00e1-lo a seguir o melhor caminho\u201d, descreve o ator.<\/p>\n<p><img decoding=\"async\" data-chromatic=\"ignore\" alt=\"\" class=\"c-image\" loading=\"lazy\" src=\"https:\/\/www.europesays.com\/pt\/wp-content\/uploads\/2025\/10\/EDMCIXKV2NAQLKJF2I2XQ73LKA.jpeg\"  width=\"720\" height=\"1280\"\/>Caius reencontrou Elisa ap\u00f3s anos sem ver a amada em O Senhor e a Serva Ana Mello\/R7 <\/p>\n<p class=\"jarvics:base-text-neutral-high-400 base-text-[calc(theme(fontSize.xs)_*_var(--font-size,_1))] base-font-normal base-font-primary base-text-neutral-low-500 base-text-left\">O momento ganhou mais emo\u00e7\u00e3o com Nathalia Florentino cantando em cena. A atriz recebeu o apoio do assistente de produ\u00e7\u00e3o musical Lucas Corel e do preparador vocal Adiel Ferr para encontrar o tom certo para a m\u00fasica.<\/p>\n<p class=\"jarvics:base-text-neutral-high-400 base-text-[calc(theme(fontSize.xs)_*_var(--font-size,_1))] base-font-normal base-font-primary base-text-neutral-low-500 base-text-left\">\u201cSinto que Elisa canta em forma de ora\u00e7\u00e3o sempre, como em alguns momentos da s\u00e9rie. Ent\u00e3o, isso vem como um plano de fundo, Caius ouve a voz dela a partir desse canto. \u00c9 uma cena bem bonita\u201d, opina a atriz.<\/p>\n<p>Loca\u00e7\u00e3o<\/p>\n<p class=\"jarvics:base-text-neutral-high-400 base-text-[calc(theme(fontSize.xs)_*_var(--font-size,_1))] base-font-normal base-font-primary base-text-neutral-low-500 base-text-left\">Um dos pilares da escolha da loca\u00e7\u00e3o, al\u00e9m das oliveiras, foi a ilumina\u00e7\u00e3o. De acordo com o diretor Guga Sander, o sol foi um dos elementos principais da cena, filmada em uma di\u00e1ria.<\/p>\n<p><img decoding=\"async\" data-chromatic=\"ignore\" alt=\"\" class=\"c-image\" loading=\"lazy\" src=\"https:\/\/www.europesays.com\/pt\/wp-content\/uploads\/2025\/10\/CYAYDZ6AR5AMBEQQ6URIA3EBEQ.jpg\"  width=\"2709\" height=\"2218\"\/>Guga Sander revela detalhes da escolha da loca\u00e7\u00e3o para o casamento de Caius e Elisa Ana Mello\/R7 <\/p>\n<p class=\"jarvics:base-text-neutral-high-400 base-text-[calc(theme(fontSize.xs)_*_var(--font-size,_1))] base-font-normal base-font-primary base-text-neutral-low-500 base-text-left\">\u201cGravamos em hor\u00e1rios \u2018m\u00e1gicos\u2019, no final do dia, e tivemos a luz do sol a nosso favor, para trazer um pouco de poesia e beleza para as cenas do casamento, com uma atmosfera de amor e leveza. A parte interessante \u00e9 que a gente traz uma riqueza ao nosso produto, com imagens bonitas e um valor de produ\u00e7\u00e3o maior\u201d, conta. <\/p>\n<p class=\"jarvics:base-text-neutral-high-400 base-text-[calc(theme(fontSize.xs)_*_var(--font-size,_1))] base-font-normal base-font-primary base-text-neutral-low-500 base-text-left\">O diretor elogiou, ainda, o resultado alcan\u00e7ado na s\u00e9rie.<\/p>\n<p class=\"jarvics:base-text-neutral-high-400 base-text-[calc(theme(fontSize.xs)_*_var(--font-size,_1))] base-font-normal base-font-primary base-text-neutral-low-500 base-text-left\">\u201cAmei o resultado, ficou muito bonito. Antes mesmo de eu falar \u2018a\u00e7\u00e3o\u2019, todos os atores j\u00e1 estavam se sentindo leves e envolvidos naquele universo, pela luz, pela beleza do lugar e clima da equipe e bastidores\u201d, conclui.<\/p>\n<p class=\"jarvics:base-text-neutral-high-400 base-text-[calc(theme(fontSize.xs)_*_var(--font-size,_1))] base-font-normal base-font-primary base-text-neutral-low-500 base-text-left\"><a href=\"https:\/\/record.r7.com\/o-senhor-e-a-serva\/\" rel=\"nofollow noopener\" title=\"https:\/\/record.r7.com\/o-senhor-e-a-serva\/\" target=\"_blank\"><b>O Senhor e a Serva<\/b><\/a> est\u00e1 dispon\u00edvel no <a href=\"https:\/\/assine.playplus.com\/\" rel=\"nofollow noopener\" title=\"https:\/\/assine.playplus.com\/\" target=\"_blank\"><b>RecordPlus<\/b><\/a>. Reveja os epis\u00f3dios quando e onde quiser!<\/p>\n<p>Elenco viaja para Po\u00e7os de Caldas para grava\u00e7\u00e3o:<\/p>\n<p class=\"jarvics:base-text-neutral-high-400 base-text-[calc(theme(fontSize.sm)_*_var(--font-size,_1))] base-font-semibold base-font-primary base-text-neutral-low-500 base-text-left\">Por Ana Mello, do site oficial<\/p>\n<p class=\"jarvics:base-text-neutral-high-400 base-text-[calc(theme(fontSize.xxs)_*_var(--font-size,_1))] base-font-semibold base-font-primary base-text-neutral-low-500 base-text-left\">O elenco de O Senhor e a Serva iniciou a fase de grava\u00e7\u00f5es externas em grande estilo. A equipe viajou at\u00e9 Po\u00e7os de Caldas, em Minas Gerais, para filmar cenas da miniss\u00e9rie em uma bela fazenda de oliveiras e caf\u00e9. Confira a seguir como foi a experi\u00eancia!<\/p>\n<p class=\"jarvics:base-text-neutral-high-400 base-text-[calc(theme(fontSize.little)_*_var(--font-size,_1))] base-font-normal base-font-primary base-text-neutral-low-500 base-text-left\">R7<\/p>\n","protected":false},"excerpt":{"rendered":"\u00daltimas cenas de Caius e Elisa foram gravadas em fazenda de Minas Gerais Ana Mello\/R7 Dudu Pelizzari e&hellip;\n","protected":false},"author":2,"featured_media":125959,"comment_status":"","ping_status":"","sticky":false,"template":"","format":"standard","meta":{"footnotes":""},"categories":[145],"tags":[211,210,114,115,1172,18058,32,33],"class_list":{"0":"post-125958","1":"post","2":"type-post","3":"status-publish","4":"format-standard","5":"has-post-thumbnail","7":"category-celebridades","8":"tag-celebridades","9":"tag-celebrities","10":"tag-entertainment","11":"tag-entretenimento","12":"tag-minisserie","13":"tag-o-senhor-e-a-serva","14":"tag-portugal","15":"tag-pt"},"share_on_mastodon":{"url":"https:\/\/pubeurope.com\/@pt\/115435713708223227","error":""},"_links":{"self":[{"href":"https:\/\/www.europesays.com\/pt\/wp-json\/wp\/v2\/posts\/125958","targetHints":{"allow":["GET"]}}],"collection":[{"href":"https:\/\/www.europesays.com\/pt\/wp-json\/wp\/v2\/posts"}],"about":[{"href":"https:\/\/www.europesays.com\/pt\/wp-json\/wp\/v2\/types\/post"}],"author":[{"embeddable":true,"href":"https:\/\/www.europesays.com\/pt\/wp-json\/wp\/v2\/users\/2"}],"replies":[{"embeddable":true,"href":"https:\/\/www.europesays.com\/pt\/wp-json\/wp\/v2\/comments?post=125958"}],"version-history":[{"count":0,"href":"https:\/\/www.europesays.com\/pt\/wp-json\/wp\/v2\/posts\/125958\/revisions"}],"wp:featuredmedia":[{"embeddable":true,"href":"https:\/\/www.europesays.com\/pt\/wp-json\/wp\/v2\/media\/125959"}],"wp:attachment":[{"href":"https:\/\/www.europesays.com\/pt\/wp-json\/wp\/v2\/media?parent=125958"}],"wp:term":[{"taxonomy":"category","embeddable":true,"href":"https:\/\/www.europesays.com\/pt\/wp-json\/wp\/v2\/categories?post=125958"},{"taxonomy":"post_tag","embeddable":true,"href":"https:\/\/www.europesays.com\/pt\/wp-json\/wp\/v2\/tags?post=125958"}],"curies":[{"name":"wp","href":"https:\/\/api.w.org\/{rel}","templated":true}]}}