{"id":125962,"date":"2025-10-25T16:23:09","date_gmt":"2025-10-25T16:23:09","guid":{"rendered":"https:\/\/www.europesays.com\/pt\/125962\/"},"modified":"2025-10-25T16:23:09","modified_gmt":"2025-10-25T16:23:09","slug":"harry-potter-tom-felton-revela-que-daniel-radcliffe-o-apoio-para-reprisar-seu-papel","status":"publish","type":"post","link":"https:\/\/www.europesays.com\/pt\/125962\/","title":{"rendered":"&#8216;Harry Potter&#8217;: Tom Felton revela que Daniel Radcliffe o apoio para reprisar seu papel"},"content":{"rendered":"<p>O ator<strong> <a href=\"https:\/\/cinepop.com.br\/tag\/tom-felton\/\" title=\"Tom Felton\" rel=\"nofollow noopener\" target=\"_blank\">Tom Felton<\/a><\/strong>, eternamente lembrado como Draco Malfoy na franquia cinematogr\u00e1fica <strong>\u2018<a href=\"https:\/\/cinepop.com.br\/tag\/harry-potter\/\" title=\"Harry Potter\" rel=\"nofollow noopener\" target=\"_blank\">Harry Potter<\/a>\u2019<\/strong>, far\u00e1 sua estreia na Broadway, no papel de seu personagem adulto, na pe\u00e7a \u201c<a href=\"https:\/\/cinepop.com.br\/tag\/harry-potter\/\" title=\"Harry Potter\" rel=\"nofollow noopener\" target=\"_blank\">Harry Potter<\/a> and the Cursed Child\u201d (<a href=\"https:\/\/cinepop.com.br\/tag\/harry-potter\/\" title=\"Harry Potter\" rel=\"nofollow noopener\" target=\"_blank\">Harry Potter<\/a> e a Crian\u00e7a Amaldi\u00e7oada).<\/p>\n<p>Em uma entrevista recente \u00e0 revista <a href=\"https:\/\/people.com\/tom-felton-rehearses-for-broadway-harry-potter-and-the-cursed-child-exclusive-11834502\" rel=\"nofollow noopener\" target=\"_blank\">People<\/a>, <strong>Felton<\/strong> revelou que tem recebido apoio e conselhos de seu antigo colega,<strong> Daniel Radcliffe<\/strong> (<a href=\"https:\/\/cinepop.com.br\/tag\/harry-potter\/\" title=\"Harry Potter\" rel=\"nofollow noopener\" target=\"_blank\">Harry Potter<\/a>), um ator j\u00e1 experiente na Broadway.<\/p>\n<p>\u201cMeu velho amigo de escola, Potter [Daniel Radcliffe], j\u00e1 fez bastante Broadway. Ele est\u00e1 me guiando e me ajudando a aprender tudo o que \u00e9 mais dif\u00edcil. Pelo que percebo, \u00e9 uma comunidade incr\u00edvel. Os f\u00e3s s\u00e3o muito gentis e entusiasmados. Estou muito feliz por fazer parte disso\u201d, afirmou o ator.<\/p>\n<p><strong>Felton<\/strong> expressou sua surpresa e entusiasmo em retornar ao papel:<\/p>\n<p>\u201cEu continuo achando que estou sonhando. Sou um grande f\u00e3 do espet\u00e1culo, j\u00e1 o vi uma d\u00fazia de vezes, quase todas na Inglaterra e algumas agora na Broadway. Nunca imaginei que voltaria a ter o cabelo loiro e reviveria esse papel. Agora Draco \u00e9 pai, ent\u00e3o \u00e9 um personagem antigo em um contexto totalmente novo. Estou empolgado para explor\u00e1-lo\u201d, acrescentou.<\/p>\n<p>Esta marca a primeira vez que<strong> <a href=\"https:\/\/cinepop.com.br\/tag\/tom-felton\/\" title=\"Tom Felton\" rel=\"nofollow noopener\" target=\"_blank\">Tom Felton<\/a><\/strong> interpreta o personagem desde a conclus\u00e3o do \u00faltimo filme em 2011. Al\u00e9m disso, ele se torna o primeiro ator da franquia cinematogr\u00e1fica a participar da vers\u00e3o teatral de <strong>\u201cA Crian\u00e7a Amaldi\u00e7oada\u201d.<\/strong><\/p>\n<p><a href=\"https:\/\/cinepop.com.br\/tom-felton-astro-de-harry-potter-comenta-sobre-polemicas-de-j-k-rowling-nao-me-afeta-659572\/\" rel=\"nofollow noopener\" target=\"_blank\">Tom Felton, astro de \u2018Harry Potter\u2019, comenta sobre pol\u00eamicas de J.K. Rowling: \u201cN\u00e3o me afeta\u201d<\/a><\/p>\n<p>A pe\u00e7a \u00e9 a sequ\u00eancia can\u00f4nica da saga, ambientada 19 anos ap\u00f3s os acontecimentos de Rel\u00edquias da Morte. A trama acompanha a nova gera\u00e7\u00e3o de bruxos, enquanto eles enfrentam um novo mist\u00e9rio em Hogwarts, com foco nos filhos de Harry e Draco.<\/p>\n<p>Embora \u201cA Crian\u00e7a Amaldi\u00e7oada\u201d ainda n\u00e3o tenha sido adaptada para o cinema, <strong><a href=\"https:\/\/cinepop.com.br\/tag\/chris-columbus\/\" title=\"Chris Columbus\" rel=\"nofollow noopener\" target=\"_blank\">Chris Columbus<\/a><\/strong>, diretor dos dois primeiros filmes de <strong>\u2018<a href=\"https:\/\/cinepop.com.br\/tag\/harry-potter\/\" title=\"Harry Potter\" rel=\"nofollow noopener\" target=\"_blank\">Harry Potter<\/a>\u2019<\/strong>, j\u00e1 expressou publicamente que adoraria dirigir uma vers\u00e3o cinematogr\u00e1fica, contando com o elenco original interpretando seus personagens adultos.<\/p>\n<p> \u201cUma vers\u00e3o de A Crian\u00e7a Amaldi\u00e7oada\u00a0com Dan, Rupert e Emma na idade certa seria um deleite cinematogr\u00e1fico. Ver esses atores adultos voltando a esses pap\u00e9is seria incr\u00edvel\u201d, disse <strong>Columbus<\/strong> ao The Hollywood Reporter em 2021.<\/p>\n<p>O pr\u00f3prio <strong>Felton<\/strong> nunca escondeu a vontade de retornar ao Mundo Bruxo nas telas:<\/p>\n<p>\u201cSe voc\u00ea est\u00e1 me perguntando se eu pintaria o cabelo de loiro novamente para ser Draco, com certeza absoluta! Qualquer chance de ser um Malfoy novamente seria muito bem-vinda\u201d, declarou em entrevista anterior \u00e0 PEOPLE.<\/p>\n<p>Vale lembrar que a franquia em breve ganhar\u00e1 uma s\u00e9rie que adaptar\u00e1 os livros de sucesso. Sem data de estreia, a primeira temporada est\u00e1 programada para 2026.<\/p>\n<p><strong><a href=\"https:\/\/cinepop.com.br\/tag\/j-k-rowling\/\" title=\"J.K. Rowling\" rel=\"nofollow noopener\" target=\"_blank\">J.K. Rowling<\/a><\/strong>, autora dos romances originais,\u00a0servir\u00e1 como produtora executiva ao lado de<strong> Neil Blair<\/strong> e <strong>Ruth Kenley-Letts<\/strong>.<\/p>\n<p>&#8211; Advertisement &#8211;<\/p>\n","protected":false},"excerpt":{"rendered":"O ator Tom Felton, eternamente lembrado como Draco Malfoy na franquia cinematogr\u00e1fica \u2018Harry Potter\u2019, far\u00e1 sua estreia na&hellip;\n","protected":false},"author":2,"featured_media":125963,"comment_status":"","ping_status":"","sticky":false,"template":"","format":"standard","meta":{"footnotes":""},"categories":[140],"tags":[28906,13505,9336,13507,13508,13509,13510,13511,13512,28907,28908,9276,13514,11420,13515,13240,3913,13517,28909,13089,13518,13519,13520,13521,114,115,12967,3639,1747,147,148,13524,13525,700,13526,13527,13528,13529,13531,9334,28910,13532,28911,13533,28912,13534,28913,13536,12384,1627,146,13537,13539,9337,32,33,28914,13543,13544,13545,13546,13547,12708,13549,13550,13551,12319],"class_list":{"0":"post-125962","1":"post","2":"type-post","3":"status-publish","4":"format-standard","5":"has-post-thumbnail","7":"category-filmes","8":"tag-alessia-leoni","9":"tag-alison-sudol","10":"tag-amber-heard","11":"tag-animais-fantasticos-2","12":"tag-animais-fantasticos-3","13":"tag-animais-fantasticos-e-onde-habitam","14":"tag-animais-fantasticos-os-crimes-de-grindelwald","15":"tag-animais-fantasticos-os-segredos-de-dumbledore","16":"tag-ann-sarnoff","17":"tag-bel-powley","18":"tag-bertie-carvel","19":"tag-bilheteria","20":"tag-bilheteria-eua","21":"tag-callum-turner","22":"tag-central-do-brasil","23":"tag-chris-columbus","24":"tag-coronavirus","25":"tag-dan-fogler","26":"tag-daniel-rigby","27":"tag-david-heyman","28":"tag-david-tennan","29":"tag-david-yates","30":"tag-david-zaslav","31":"tag-eddie-redmayne","32":"tag-entertainment","33":"tag-entretenimento","34":"tag-ezra-miller","35":"tag-featured","36":"tag-fernanda-montenegro","37":"tag-film","38":"tag-filmes","39":"tag-gwyneth-paltrow","40":"tag-hannibal","41":"tag-harry-potter","42":"tag-harry-potter-e-a-crianca-amaldicoada","43":"tag-harry-potter-e-a-pedra-filosofal","44":"tag-j-k-rowling","45":"tag-janet-mcteer","46":"tag-jessica-williams","47":"tag-johnny-depp","48":"tag-johnny-flynn","49":"tag-jude-law","50":"tag-katherine-parkinson","51":"tag-katherine-waterston","52":"tag-leo-earley","53":"tag-lionel-wigram","54":"tag-lox-pratt","55":"tag-mads-mikkelsen","56":"tag-margot-robbie","57":"tag-max","58":"tag-movies","59":"tag-o-senhor-dos-aneis","60":"tag-paapa-essiedu","61":"tag-piratas-do-caribe","62":"tag-portugal","63":"tag-pt","64":"tag-sienna-moosah","65":"tag-steve-kloves","66":"tag-steven-kloves","67":"tag-the-batman","68":"tag-tim-lewis","69":"tag-toby-emmerich","70":"tag-tom-felton","71":"tag-universo-magico-de-harry-potter","72":"tag-walt-disney","73":"tag-warner-bros-pictures-group","74":"tag-zoe-kravitz"},"share_on_mastodon":{"url":"","error":"Validation failed: Text character limit of 500 exceeded"},"_links":{"self":[{"href":"https:\/\/www.europesays.com\/pt\/wp-json\/wp\/v2\/posts\/125962","targetHints":{"allow":["GET"]}}],"collection":[{"href":"https:\/\/www.europesays.com\/pt\/wp-json\/wp\/v2\/posts"}],"about":[{"href":"https:\/\/www.europesays.com\/pt\/wp-json\/wp\/v2\/types\/post"}],"author":[{"embeddable":true,"href":"https:\/\/www.europesays.com\/pt\/wp-json\/wp\/v2\/users\/2"}],"replies":[{"embeddable":true,"href":"https:\/\/www.europesays.com\/pt\/wp-json\/wp\/v2\/comments?post=125962"}],"version-history":[{"count":0,"href":"https:\/\/www.europesays.com\/pt\/wp-json\/wp\/v2\/posts\/125962\/revisions"}],"wp:featuredmedia":[{"embeddable":true,"href":"https:\/\/www.europesays.com\/pt\/wp-json\/wp\/v2\/media\/125963"}],"wp:attachment":[{"href":"https:\/\/www.europesays.com\/pt\/wp-json\/wp\/v2\/media?parent=125962"}],"wp:term":[{"taxonomy":"category","embeddable":true,"href":"https:\/\/www.europesays.com\/pt\/wp-json\/wp\/v2\/categories?post=125962"},{"taxonomy":"post_tag","embeddable":true,"href":"https:\/\/www.europesays.com\/pt\/wp-json\/wp\/v2\/tags?post=125962"}],"curies":[{"name":"wp","href":"https:\/\/api.w.org\/{rel}","templated":true}]}}