{"id":125966,"date":"2025-10-25T16:25:12","date_gmt":"2025-10-25T16:25:12","guid":{"rendered":"https:\/\/www.europesays.com\/pt\/125966\/"},"modified":"2025-10-25T16:25:12","modified_gmt":"2025-10-25T16:25:12","slug":"ter-cabelo-grisalho-pode-trazer-um-beneficio-de-saude-inesperado","status":"publish","type":"post","link":"https:\/\/www.europesays.com\/pt\/125966\/","title":{"rendered":"Ter cabelo grisalho pode trazer um benef\u00edcio de sa\u00fade inesperado"},"content":{"rendered":"<p class=\"wp-caption-text top\"><a href=\"https:\/\/commons.wikimedia.org\/wiki\/Category:Gray_hair\" rel=\"nofollow external noopener noreferrer\" data-wpel-link=\"external\" target=\"_blank\" class=\"ext-link\">Wikimedia Commons<\/a><\/p>\n<p><img decoding=\"async\" loading=\"lazy\" class=\"wp-image-599509 size-kopa-image-size-3\" src=\"https:\/\/www.europesays.com\/pt\/wp-content\/uploads\/2025\/10\/0377c4d1941cbcf7666d9fe3bcb66600-783x450.jpg\" alt=\"\" width=\"700\" height=\"402\"  \/><\/p>\n<p><strong>Uma nova pesquisa descobriu que o mecanismo biol\u00f3gico por detr\u00e1s do enbranquecimento do cabelo pode ter removendo c\u00e9lulas danificadas que, de outra forma, poderiam tornar-se cancer\u00edgenas.<\/strong><\/p>\n<p>Ficar com o cabelo grisalho \u00e9 um sinal de envelhecimento temido por muitos, mas pode ter um benef\u00edcio de sa\u00fade escondido, de acordo com uma nova investiga\u00e7\u00e3o da Universidade de T\u00f3quio. O <a href=\"https:\/\/www.nature.com\/articles\/s41556-025-01769-9\" data-wpel-link=\"external\" target=\"_blank\" rel=\"nofollow external noopener noreferrer\" class=\"ext-link\">estudo<\/a>, publicado na Nature Cell Biology, descobriu uma surpreendente liga\u00e7\u00e3o biol\u00f3gica entre o envelhecimento capilar e uma <strong>defesa contra o melanoma<\/strong>, uma forma perigosa de cancro de pele.<\/p>\n<p>A investiga\u00e7\u00e3o centrou-se nas c\u00e9lulas estaminais de melan\u00f3citos (McSCs), as c\u00e9lulas especializadas localizadas nos fol\u00edculos capilares que produzem melan\u00f3citos. Utilizando um modelo murino, os cientistas examinaram como estas c\u00e9lulas estaminais reagem a <strong>diferentes tipos de danos no ADN<\/strong>, um processo que aumenta naturalmente com a idade e a exposi\u00e7\u00e3o a fatores como a radia\u00e7\u00e3o UV, a polui\u00e7\u00e3o e os produtos qu\u00edmicos, refere o <a href=\"https:\/\/www.iflscience.com\/there-could-be-a-surprising-health-benefit-to-having-gray-hair-81293\" data-wpel-link=\"external\" target=\"_blank\" rel=\"nofollow external noopener noreferrer\" class=\"ext-link\">IFLScience<\/a>.<\/p>\n<p>A equipa descobriu que, quando as McSC sofrem quebras na dupla fita de ADN, sofrem um processo irrevers\u00edvel conhecido como diferencia\u00e7\u00e3o acoplada \u00e0 senesc\u00eancia, ou <strong>senodiferencia\u00e7\u00e3o<\/strong>. Neste estado, as c\u00e9lulas deixam de se dividir e amadurecem prematuramente, perdendo as suas propriedades de c\u00e9lulas estaminais. Esta mudan\u00e7a leva ao embranquecimento do cabelo.<\/p>\n<p>No entanto, quando as McSCs foram expostas a determinados carcin\u00f3genos, as c\u00e9lulas seguiram um caminho diferente. Em vez de se diferenciarem, resistiram ao stress e <strong>continuaram a dividir-se<\/strong>, apesar dos danos no ADN, um comportamento que pode contribuir para a forma\u00e7\u00e3o de tumores.<\/p>\n<p>\u201cNa ess\u00eancia, a mesma popula\u00e7\u00e3o de c\u00e9lulas estaminais pode desligar-se e causar o branqueamento ou continuar a dividir-se e correr o risco de se tornar cancer\u00edgena, dependendo da natureza do stress que enfrentam\u201d, explicou a co-autora principal do estudo, a professora Emi Nishimura. O branqueamento e o melanoma s\u00e3o assim \u201c<strong>resultados divergentes das respostas<\/strong> das c\u00e9lulas estaminais ao stress\u201d, em vez de fen\u00f3menos n\u00e3o relacionados.<\/p>\n<p>As descobertas sugerem que o mecanismo biol\u00f3gico por detr\u00e1s do enbranquecimento do cabelo pode ter uma fun\u00e7\u00e3o protetora, removendo c\u00e9lulas danificadas que, de outra forma, poderiam tornar-se malignas. No entanto, os investigadores alertam que os resultados, <strong>baseados em estudos com animais<\/strong>, n\u00e3o significam que os cabelos brancos previnam diretamente o cancro nos humanos.<\/p>\n<p>    <a href=\"https:\/\/zap.aeiou.pt\/subscrever-newsletter\" data-wpel-link=\"internal\" rel=\"nofollow noopener\" target=\"_blank\">&#13;<br \/>\n        <img loading=\"lazy\" decoding=\"async\" class=\"aligncenter size-full wp-image-575475\" src=\"https:\/\/www.europesays.com\/pt\/wp-content\/uploads\/2025\/10\/1759862234_971_2d51fe4a0ba54894421ead1809309ed9-1-450x140.jpg\" alt=\"Subscreva a Newsletter ZAP\" width=\"450\" height=\"140\"\/>&#13;<br \/>\n    <\/a><\/p>\n<p>                <a href=\"https:\/\/whatsapp.com\/channel\/0029VaIC4EE2f3EJZPPSbR34\" data-wpel-link=\"external\" target=\"_blank\" rel=\"nofollow external noopener noreferrer\" class=\"ext-link\">&#13;<br \/>\n                    <img loading=\"lazy\" decoding=\"async\" class=\"aligncenter size-full wp-image-575475\" src=\"https:\/\/www.europesays.com\/pt\/wp-content\/uploads\/2025\/10\/1759862234_512_c68c559d956d4ca20f435ed74a6e71e6.png\" alt=\"Siga-nos no WhatsApp\" width=\"175\" height=\"64\"\/>&#13;<br \/>\n                <\/a><\/p>\n<p>                <a href=\"https:\/\/news.google.com\/publications\/CAAiEHRwZondIV71PDjWNoqMduEqFAgKIhB0cGaJ3SFe9Tw41jaKjHbh?hl=en-US&amp;gl=US&amp;ceid=US%3Aen\" data-wpel-link=\"external\" target=\"_blank\" rel=\"nofollow external noopener noreferrer\" class=\"ext-link\">&#13;<br \/>\n                    <img loading=\"lazy\" decoding=\"async\" class=\"aligncenter size-full wp-image-575475\" src=\"https:\/\/www.europesays.com\/pt\/wp-content\/uploads\/2025\/10\/1759862235_242_5123dd8b087b644fdb8f8603acd1bad4.png\" alt=\"Siga-nos no Google News\" width=\"176\" height=\"64\"\/>&#13;<br \/>\n                <\/a><\/p>\n","protected":false},"excerpt":{"rendered":"Wikimedia Commons Uma nova pesquisa descobriu que o mecanismo biol\u00f3gico por detr\u00e1s do enbranquecimento do cabelo pode ter&hellip;\n","protected":false},"author":2,"featured_media":125967,"comment_status":"","ping_status":"","sticky":false,"template":"","format":"standard","meta":{"footnotes":""},"categories":[86],"tags":[1207,2217,116,32,33,117],"class_list":{"0":"post-125966","1":"post","2":"type-post","3":"status-publish","4":"format-standard","5":"has-post-thumbnail","7":"category-saude","8":"tag-cancro","9":"tag-genetica","10":"tag-health","11":"tag-portugal","12":"tag-pt","13":"tag-saude"},"share_on_mastodon":{"url":"https:\/\/pubeurope.com\/@pt\/115435741355635095","error":""},"_links":{"self":[{"href":"https:\/\/www.europesays.com\/pt\/wp-json\/wp\/v2\/posts\/125966","targetHints":{"allow":["GET"]}}],"collection":[{"href":"https:\/\/www.europesays.com\/pt\/wp-json\/wp\/v2\/posts"}],"about":[{"href":"https:\/\/www.europesays.com\/pt\/wp-json\/wp\/v2\/types\/post"}],"author":[{"embeddable":true,"href":"https:\/\/www.europesays.com\/pt\/wp-json\/wp\/v2\/users\/2"}],"replies":[{"embeddable":true,"href":"https:\/\/www.europesays.com\/pt\/wp-json\/wp\/v2\/comments?post=125966"}],"version-history":[{"count":0,"href":"https:\/\/www.europesays.com\/pt\/wp-json\/wp\/v2\/posts\/125966\/revisions"}],"wp:featuredmedia":[{"embeddable":true,"href":"https:\/\/www.europesays.com\/pt\/wp-json\/wp\/v2\/media\/125967"}],"wp:attachment":[{"href":"https:\/\/www.europesays.com\/pt\/wp-json\/wp\/v2\/media?parent=125966"}],"wp:term":[{"taxonomy":"category","embeddable":true,"href":"https:\/\/www.europesays.com\/pt\/wp-json\/wp\/v2\/categories?post=125966"},{"taxonomy":"post_tag","embeddable":true,"href":"https:\/\/www.europesays.com\/pt\/wp-json\/wp\/v2\/tags?post=125966"}],"curies":[{"name":"wp","href":"https:\/\/api.w.org\/{rel}","templated":true}]}}