{"id":125968,"date":"2025-10-25T16:26:29","date_gmt":"2025-10-25T16:26:29","guid":{"rendered":"https:\/\/www.europesays.com\/pt\/125968\/"},"modified":"2025-10-25T16:26:29","modified_gmt":"2025-10-25T16:26:29","slug":"as-revelacoes-de-isabel-preysler-observador","status":"publish","type":"post","link":"https:\/\/www.europesays.com\/pt\/125968\/","title":{"rendered":"as revela\u00e7\u00f5es de Isabel Preysler \u2013 Observador"},"content":{"rendered":"<p>O casamento gr\u00e1vida com Julio Iglesias, a trai\u00e7\u00e3o ao marqu\u00eas de Gri\u00f1\u00f3n com o ministro das Finan\u00e7as espanhol, os problemas de autoestima relacionados com o pr\u00f3prio nariz e as cartas de amor secretas com Mario Vargas Llosa. Isabel Preysler n\u00e3o deixa nada por contar na autobiografia Mi Verdadera Historia, publicada na passada quarta-feira, 22 de outubro. A apresentadora de origem filipina assume, <a href=\"https:\/\/www.hola.com\/actualidad\/20251022862746\/isabel-preysler-nos-descubre-secretos-autobiografia-capitulo-mas-me-ha-costado-escribir-ha-sido-separacion-de-mis-hijos-mayores\/\" target=\"_blank\" rel=\"noopener nofollow\">em entrevista \u00e0 Hola!<\/a>, que escreveu a obra porque chegou \u00e0 idade em que o podia fazer. \u201d Tantas coisas falsas foram ditas sobre mim ao longo dos anos <strong>sem que eu me preocupasse em refut\u00e1-las, agora decidi faz\u00ea-lo<\/strong>\u201c, diz a socialite, que assume o <strong>medo do \u201cjulgamento dos leitores\u201d<\/strong>, mas fala abertamente sobre os tr\u00eas maridos e o namorado medi\u00e1ticos e n\u00e3o s\u00f3. \u201cA minha vida inteira foi uma surpresa. Nada foi como os meus pais planearam para mim, ou como eu esperava. Mas sinto que vivi uma vida plena\u201d, diz a \u201crainha dos cora\u00e7\u00f5es\u201d. Sobre o romance recente com o Nobel de Literatura, garante: \u201cA coisa mais importante que tenho a dizer sobre esse relacionamento \u00e9 <strong>desmascarar todas as falsidades que foram ditas<\/strong>\u201c.<\/p>\n<p>Nascida em Manila a 18 de fevereiro de 1950, Isabel conta que aos 18 anos apaixonou-se pela primeira vez por um homem \u201ccom fama de playboy\u201d. N\u00e3o se trata de Julio Iglesias, o primeiro marido, mas de um namorado filipino do qual os pais n\u00e3o gostavam, e que ter\u00e1 sido o motivo para a jovem ter sido mandada para Madrid. Na capital espanhola estudou e come\u00e7ou a trabalhar como jornalista na revista Hola!. A primeira entrevista que fez foi a um cantor que come\u00e7ava a carreira internacional: um encontro que lhe mudaria a vida para sempre. Como mulher de Julio Iglesias, Isabel Preysler ganhou cada vez mais espa\u00e7o na imprensa cor-de-rosa e, em 1984, passou a apresentar um programa de televis\u00e3o, o Hoy en Casa. Era vista como uma mulher elegante, requisitada por marcas como Ferrero Rocher, Manolo Blahnik ou Chrysler, e que circulava muito bem entre a alta sociedade internacional, incluindo membros de realeza: entre 2001 e 2007 esteve tr\u00eas vezes no Reino Unido a convite do ent\u00e3o pr\u00edncipe Carlos, e desenvolveu uma amizade pr\u00f3xima com o casal Beckham.<\/p>\n<p>                    <img src=\"https:\/\/www.europesays.com\/pt\/wp-content\/uploads\/2025\/10\/portada-mi-verdadera-historia-isabel-preysler-202509170811.jpg\" alt=\"\" loading=\"lazy\" decoding=\"async\" width=\"2000\" height=\"3039\" class=\"news-photo\" onload=\"this.parentElement.classList.remove('spinner')\" onerror=\"this.parentElement.classList.remove('spinner')\"\/>                <\/p>\n<p class=\"legenda\">\n            \u25b2 A autobiografia de Isabel Preysler foi publicada na passada quarta-feira, 22 de outubro<\/p>\n<p>Entretanto, tamb\u00e9m tinha inseguran\u00e7as, principalmente em rela\u00e7\u00e3o ao pr\u00f3prio nariz, como assume na autobiografia. Um problema que ter\u00e1 come\u00e7ado na inf\u00e2ncia, quando tinha dificuldades para respirar e passou por uma interven\u00e7\u00e3o em Manilha que considera ter sido \u201cum erro\u201d. O cirurgi\u00e3o ter\u00e1 retirado parte da cartilagem do nariz durante uma opera\u00e7\u00e3o \u00e0s am\u00edgdalas. Preysler passou por <strong>cirurgias pl\u00e1sticas<\/strong> em Madrid para tentar consertar o dano causado pelo m\u00e9dico filipino e alcan\u00e7ar a forma que considerava perfeita. \u201cQuando o meu nariz inteiro desmoronou, todos queriam correr porque n\u00e3o sabiam o que fazer\u201d, escreve, ao falar sobre um destes procedimentos. \u201cRemoveram toda a cartilagem que puderam das minhas orelhas para reconstru\u00ed-lo.\u201d \u201c<strong>O meu nariz est\u00e1 t\u00e3o destru\u00eddo<\/strong> e estou t\u00e3o cansada de m\u00e9dicos e cirurgias que n\u00e3o me importo mais com nada\u201d.<\/p>\n<p>Por\u00e9m, as p\u00e1ginas sobre os <a href=\"https:\/\/observador.pt\/2025\/04\/14\/o-escritor-a-socialite-e-uma-ficcao-cor-de-rosa-da-vida-real-a-historia-de-vargas-llosa-e-isabel-preysler\/\" target=\"_blank\" rel=\"noopener nofollow\">oito anos de relacionamento com Mario Vargas Llosa<\/a> s\u00e3o, provavelmente, as mais intensas e reveladoras. Isabel Preysler <strong>desvenda pela primeira vez, na \u00edntegra, oito cartas redigidas pelo Pr\u00e9mio Nobel<\/strong>, nas quais profere a sua paix\u00e3o e chama a namorada \u201cpequena rainha dos golfinhos\u201d. E ainda mostra uma nona carta, escrita pela pr\u00f3pria, depois do fim da rela\u00e7\u00e3o.<\/p>\n","protected":false},"excerpt":{"rendered":"O casamento gr\u00e1vida com Julio Iglesias, a trai\u00e7\u00e3o ao marqu\u00eas de Gri\u00f1\u00f3n com o ministro das Finan\u00e7as espanhol,&hellip;\n","protected":false},"author":2,"featured_media":125969,"comment_status":"","ping_status":"","sticky":false,"template":"","format":"standard","meta":{"footnotes":""},"categories":[85],"tags":[211,315,114,115,186,864,170,32,33],"class_list":{"0":"post-125968","1":"post","2":"type-post","3":"status-publish","4":"format-standard","5":"has-post-thumbnail","7":"category-entretenimento","8":"tag-celebridades","9":"tag-cultura","10":"tag-entertainment","11":"tag-entretenimento","12":"tag-lifestyle","13":"tag-literatura","14":"tag-livros","15":"tag-portugal","16":"tag-pt"},"share_on_mastodon":{"url":"https:\/\/pubeurope.com\/@pt\/115435745183034702","error":""},"_links":{"self":[{"href":"https:\/\/www.europesays.com\/pt\/wp-json\/wp\/v2\/posts\/125968","targetHints":{"allow":["GET"]}}],"collection":[{"href":"https:\/\/www.europesays.com\/pt\/wp-json\/wp\/v2\/posts"}],"about":[{"href":"https:\/\/www.europesays.com\/pt\/wp-json\/wp\/v2\/types\/post"}],"author":[{"embeddable":true,"href":"https:\/\/www.europesays.com\/pt\/wp-json\/wp\/v2\/users\/2"}],"replies":[{"embeddable":true,"href":"https:\/\/www.europesays.com\/pt\/wp-json\/wp\/v2\/comments?post=125968"}],"version-history":[{"count":0,"href":"https:\/\/www.europesays.com\/pt\/wp-json\/wp\/v2\/posts\/125968\/revisions"}],"wp:featuredmedia":[{"embeddable":true,"href":"https:\/\/www.europesays.com\/pt\/wp-json\/wp\/v2\/media\/125969"}],"wp:attachment":[{"href":"https:\/\/www.europesays.com\/pt\/wp-json\/wp\/v2\/media?parent=125968"}],"wp:term":[{"taxonomy":"category","embeddable":true,"href":"https:\/\/www.europesays.com\/pt\/wp-json\/wp\/v2\/categories?post=125968"},{"taxonomy":"post_tag","embeddable":true,"href":"https:\/\/www.europesays.com\/pt\/wp-json\/wp\/v2\/tags?post=125968"}],"curies":[{"name":"wp","href":"https:\/\/api.w.org\/{rel}","templated":true}]}}