{"id":126000,"date":"2025-10-25T16:59:18","date_gmt":"2025-10-25T16:59:18","guid":{"rendered":"https:\/\/www.europesays.com\/pt\/126000\/"},"modified":"2025-10-25T16:59:18","modified_gmt":"2025-10-25T16:59:18","slug":"benfica-arouca-as-equipas-provaveis-em-dia-de-eleicoes","status":"publish","type":"post","link":"https:\/\/www.europesays.com\/pt\/126000\/","title":{"rendered":"Benfica-Arouca: as equipas prov\u00e1veis em dia de elei\u00e7\u00f5es"},"content":{"rendered":"<p style=\"margin-bottom:11px\">O Benfica recebe este s\u00e1bado o Arouca, em jogo da <a href=\"https:\/\/maisfutebol.iol.pt\/resultadoseclassificacoes\/128\/Portugal\/Primeira-Liga\" rel=\"nofollow noopener\" target=\"_blank\">9.\u00aa jornada da Liga<\/a>, no mesmo dia em que os s\u00f3cios votam para a escolha do novo presidente do clube. Quatro dias depois do terceiro desaire consecutivo na Liga dos Campe\u00f5es, o clube da Luz est\u00e1 obrigado a regressar \u00e0s vit\u00f3rias, como avisou Jos\u00e9 Mourinho, uma vez que n\u00e3o pode perder mais terreno para os rivais.<\/p>\n<p style=\"margin-bottom:11px\"><a href=\"https:\/\/maisfutebol.iol.pt\/jogo\/benfica\/arouca\/13828232\" rel=\"nofollow noopener\" target=\"_blank\">Acompanhe o Benfica-Arouca no AO VIVO do Maisfutebol<\/a><\/p>\n<p>O jogo em St, James Park, al\u00e9m da derrota, tamb\u00e9m ditou a perda de Dedic que saiu lesionado desse jogo. Na antevis\u00e3o para o regresso \u00e0 Liga, <a href=\"https:\/\/maisfutebol.iol.pt\/benfica\/liga\/mourinho-a-champions-e-para-esquecer-durante-um-par-de-semanas\" rel=\"nofollow noopener\" target=\"_blank\">Mourinho deixou duas possibilidades em aberto<\/a> para o lugar do lateral b\u00f3snio, uma mais conservadora, que passaria por Tom\u00e1s Ara\u00fajo, e outra mais ofensiva, que passaria por Fredrik Aursnes, deixando de fora Leandro Santos que, segundo tamb\u00e9m revelou o treinador, ir\u00e1 jogar com a equipa B em Santa Maria da Feira.<\/p>\n<p>Com o previs\u00edvel regresso de Samuel Dahl ao lado esquerdo, o treinador ter\u00e1 a possibilidade de deslocar Tom\u00e1s Ara\u00fajo para o lado contr\u00e1rio, depois da m\u00e1 experi\u00eancia frente ao Newcastle. Uma possibilidade que permite ao treinador manter Aursnes mais \u00e0 frente, entre Luk\u00e9bakio e Sudakov no apoio direto a Pavlidis.<\/p>\n<p>O treinador deixou ainda a possibilidade de Prestianni, regressado do Mundial de Sub-20, tamb\u00e9m <a href=\"https:\/\/maisfutebol.iol.pt\/benfica\/liga\/mourinho-o-prestianni-voltou-com-confianca-e-pode-ter-minutos-amanha\" rel=\"nofollow noopener\" target=\"_blank\">somar minutos neste jogo<\/a>.<\/p>\n<p>Na \u00faltima visita ao Est\u00e1dio da Luz, na \u00e9poca passada, o Arouca imp\u00f4s um empate 2-2 que acabou por ser determinante nas contas do t\u00edtulo, mas, j\u00e1 esta \u00e9poca, nos duelos com os grandes, a equipa de Vasco Seabra consentiu duas goleadas, primeiro diante do Sporting (0-6), em Alvalade, depois, em casa, diante do FC Porto (0-4). Vasco Seabra diz que a equipa \u00abaprendeu\u00bb com esses dois desaires e garante uma <a href=\"https:\/\/maisfutebol.iol.pt\/liga\/arouca\/vasco-seabra-o-benfica-e-orientado-por-um-treinador-de-referencia-mundial\" rel=\"nofollow noopener\" target=\"_blank\">equipa \u00abmotivada\u00bb na Luz<\/a>.<\/p>\n<p>Quanto \u00e0s op\u00e7\u00f5es dispon\u00edveis, Vasco Seabra confirmou as aus\u00eancias de Mat\u00edas Rocha e Mateo Flores, ambos lesionados, e admitiu que Dylan Nand\u00edn\u00a0ainda \u00e9 d\u00favida, enquanto David Sim\u00e3o j\u00e1 treinou sem limita\u00e7\u00f5es e est\u00e1 dispon\u00edvel.<\/p>\n<p><a href=\"https:\/\/maisfutebol.iol.pt\/fotogaleria\/68fbb4b6d34e58bc679748a7\/liga-as-equipas-provaveis-do-benfica-arouca\" rel=\"nofollow noopener\" target=\"_blank\">Confira as equipas prov\u00e1veis na galeria associada<\/a><\/p>\n","protected":false},"excerpt":{"rendered":"O Benfica recebe este s\u00e1bado o Arouca, em jogo da 9.\u00aa jornada da Liga, no mesmo dia em&hellip;\n","protected":false},"author":2,"featured_media":126001,"comment_status":"","ping_status":"","sticky":false,"template":"","format":"standard","meta":{"footnotes":""},"categories":[8],"tags":[3249,51,27,28,17945,4458,15,16,14,25,26,36,21,22,46,12,13,19,20,32,23,24,33,47,17,18,29,30,31],"class_list":{"0":"post-126000","1":"post","2":"type-post","3":"status-publish","4":"format-standard","5":"has-post-thumbnail","7":"category-principais-noticias","8":"tag-arouca","9":"tag-benfica","10":"tag-breaking-news","11":"tag-breakingnews","12":"tag-dedic","13":"tag-equipas-provaveis","14":"tag-featured-news","15":"tag-featurednews","16":"tag-headlines","17":"tag-latest-news","18":"tag-latestnews","19":"tag-liga","20":"tag-main-news","21":"tag-mainnews","22":"tag-maisfutebol","23":"tag-news","24":"tag-noticias","25":"tag-noticias-principais","26":"tag-noticiasprincipais","27":"tag-portugal","28":"tag-principais-noticias","29":"tag-principaisnoticias","30":"tag-pt","31":"tag-pura-paixao","32":"tag-top-stories","33":"tag-topstories","34":"tag-ultimas","35":"tag-ultimas-noticias","36":"tag-ultimasnoticias"},"share_on_mastodon":{"url":"https:\/\/pubeurope.com\/@pt\/115435874841694671","error":""},"_links":{"self":[{"href":"https:\/\/www.europesays.com\/pt\/wp-json\/wp\/v2\/posts\/126000","targetHints":{"allow":["GET"]}}],"collection":[{"href":"https:\/\/www.europesays.com\/pt\/wp-json\/wp\/v2\/posts"}],"about":[{"href":"https:\/\/www.europesays.com\/pt\/wp-json\/wp\/v2\/types\/post"}],"author":[{"embeddable":true,"href":"https:\/\/www.europesays.com\/pt\/wp-json\/wp\/v2\/users\/2"}],"replies":[{"embeddable":true,"href":"https:\/\/www.europesays.com\/pt\/wp-json\/wp\/v2\/comments?post=126000"}],"version-history":[{"count":0,"href":"https:\/\/www.europesays.com\/pt\/wp-json\/wp\/v2\/posts\/126000\/revisions"}],"wp:featuredmedia":[{"embeddable":true,"href":"https:\/\/www.europesays.com\/pt\/wp-json\/wp\/v2\/media\/126001"}],"wp:attachment":[{"href":"https:\/\/www.europesays.com\/pt\/wp-json\/wp\/v2\/media?parent=126000"}],"wp:term":[{"taxonomy":"category","embeddable":true,"href":"https:\/\/www.europesays.com\/pt\/wp-json\/wp\/v2\/categories?post=126000"},{"taxonomy":"post_tag","embeddable":true,"href":"https:\/\/www.europesays.com\/pt\/wp-json\/wp\/v2\/tags?post=126000"}],"curies":[{"name":"wp","href":"https:\/\/api.w.org\/{rel}","templated":true}]}}