{"id":126013,"date":"2025-10-25T17:11:08","date_gmt":"2025-10-25T17:11:08","guid":{"rendered":"https:\/\/www.europesays.com\/pt\/126013\/"},"modified":"2025-10-25T17:11:08","modified_gmt":"2025-10-25T17:11:08","slug":"que-futuro-para-gaza-hamas-concorda-com-gestao-temporaria-de-tecnocratas","status":"publish","type":"post","link":"https:\/\/www.europesays.com\/pt\/126013\/","title":{"rendered":"Que futuro para Gaza? Hamas concorda com gest\u00e3o tempor\u00e1ria de tecnocratas"},"content":{"rendered":"<p>&#13;<br \/>\nAp\u00f3s o acordo de cessar-fogo em vigor desde 10 de outubro patrocinado pelo presidente norte-americano, Donald Trump, os grupos palestinianos que participaram nas negocia\u00e7\u00f5es concordaram com a cria\u00e7\u00e3o de um &#8220;<b>Comit\u00e9 palestiniano tempor\u00e1rio composto por residentes independentes &#8220;tecnocratas&#8221; encarregado de administrar os assuntos da vida e os servi\u00e7os essenciais&#8221;<\/b>.\u00a0&#13;\n<\/p>\n<p>&#13;<br \/>\nAl\u00e9m disso, os movimentos palestinianos concordaram com uma estrat\u00e9gia nacional que visa <b>&#8220;revitalizar a Organiza\u00e7\u00e3o para a Liberta\u00e7\u00e3o da Palestina (OLP) como \u00fanica representante leg\u00edtima do povo palestiniano&#8221;<\/b>, da qual o Hamas n\u00e3o faz parte.\u00a0&#13;\n<\/p>\n<p>&#13;<br \/>\nO Egito &#8211; mediador de longa data no conflito israelo-palestiniano- acolheu na quinta-feira reuni\u00f5es entre as delega\u00e7\u00f5es do Hamas e do seu rival pol\u00edtico, a Fatah, para discutir as medidas a serem tomadas ap\u00f3s a guerra em Gaza, no \u00e2mbito de uma iniciativa que pretende promover um acordo de cessar-fogo entre Israel e o Hamas.&#13;\n<\/p>\n<p>&#13;<br \/>\n\u00c0 margem dessas discuss\u00f5es, o chefe da Intelig\u00eancia Eg\u00edpcia, Hassan Rashad, reuniu-se tamb\u00e9m com altos respons\u00e1veis de outras fa\u00e7\u00f5es palestinianas, entre elas, a Jihad Isl\u00e2mica, a Frente Democr\u00e1tica (FDLP) e a Frente Popular para a Liberta\u00e7\u00e3o da Palestina (FPLP). As duas \u00faltimas forma\u00e7\u00f5es marxistas s\u00e3o membros da Organiza\u00e7\u00e3o para a Liberta\u00e7\u00e3o da Palestina (OLP).&#13;\n<\/p>\n<p>&#13;<br \/>\nO movimento islamita palestiniano j\u00e1 deixou claro que n\u00e3o deseja governar a Faixa de Gaza, devastada por dois anos de guerra.\u00a0<b>Ao contr\u00e1rio do presidente americano Donald Trump que sugeriu um &#8220;Conselho de Paz&#8221; que ele poderia presidir para conduzir o p\u00f3s-guerra no enclave palestiniano.\u00a0<\/b>&#13;\n<\/p>\n<p>&#13;<br \/>\nWashington nomeia diplomata para vigiar tr\u00e9gua em Gaza&#13;\n<\/p>\n<p>&#13;<br \/>\nOs Estados Unidos nomearam esta sexta-feira um diplomata veterano para liderar um organismo de monitoriza\u00e7\u00e3o do cessar-fogo em Gaza. O<b> Governo americano afastou o regresso da ag\u00eancia da ONU para os refugiados palestinianos (UNRWA) por considerar que \u00e9 uma &#8220;subsidi\u00e1ria do Hamas&#8221;.\u00a0&#13;<br \/>\n<\/b>&#13;\n<\/p>\n<p>&#13;<br \/>\nSteve Fagin, embaixador dos EUA no I\u00e9men desde 2022, foi nomeado pelo Departamento de Estado para ser juntar ao general Patrick Frank, um oficial militar nomeado anteriormente para trabalhar na implementa\u00e7\u00e3o do cessar-fogo em vigor em Gaza desde 10 de outubro entre Israel e o Hamas.\u00a0&#13;\n<\/p>\n<p>&#13;<br \/>\nO Centro de Coordena\u00e7\u00e3o Civil-Militar (CCMC), \u00f3rg\u00e3o de monitoriza\u00e7\u00e3o do cessar-fogo, foi estabelecido esta semana em Kiryat Gat, no sudoeste de Israel, com a miss\u00e3o de observar o cessar-fogo e detetar eventuais viola\u00e7\u00f5es. O CCMC vai supervisionar tamb\u00e9m a entrega de ajuda humanit\u00e1ria \u00e0 Faixa de Gaza.&#13;\n<\/p>\n<p>&#13;<br \/>\nRubio &#8220;otimista&#8221; quanto \u00e0 manuten\u00e7\u00e3o do cessar-fogo&#13;\n<\/p>\n<p>&#13;<br \/>\nO chefe da diplomacia americana, Marco Rubio, afirmou esta sexta-feira que &#8220;muitos pa\u00edses&#8221; se &#8220;ofereceram&#8221; para participar da For\u00e7a Internacional de Estabiliza\u00e7\u00e3o (ISF) que, segundo o plano de Donald Trump, deve ser destacada no territ\u00f3rio palestiniano para supervisionar a seguran\u00e7a, \u00e0 medida que o Ex\u00e9rcito israelita se retirar. &#8220;Ter\u00e3o de ser pessoas ou pa\u00edses com os quais Israel se sinta confort\u00e1vel&#8221;, alertou Marco Rubio.<br \/>&#13;\n<\/p>\n<p>O secret\u00e1rio de Estado precisou que Israel ter\u00e1 direito de veto sobre a composi\u00e7\u00e3o da for\u00e7a e poder\u00e1, nomeadamente, opor-se \u00e0 participa\u00e7\u00e3o da Turquia, um pa\u00eds que acolheu l\u00edderes do Hamas.<\/p>\n<p>&#13;<br \/>\nc\/ag\u00eancias\u00a0&#13;<\/p>\n","protected":false},"excerpt":{"rendered":"&#13; Ap\u00f3s o acordo de cessar-fogo em vigor desde 10 de outubro patrocinado pelo presidente norte-americano, Donald Trump,&hellip;\n","protected":false},"author":2,"featured_media":126014,"comment_status":"","ping_status":"","sticky":false,"template":"","format":"standard","meta":{"footnotes":""},"categories":[50],"tags":[27,28,4515,413,28919,15,16,532,255,14,259,25,26,21,22,432,62,12,13,19,20,9268,23,24,28920,17,18,29,30,31,63,64,65],"class_list":{"0":"post-126013","1":"post","2":"type-post","3":"status-publish","4":"format-standard","5":"has-post-thumbnail","7":"category-mundo","8":"tag-breaking-news","9":"tag-breakingnews","10":"tag-egito","11":"tag-eua","12":"tag-fatah","13":"tag-featured-news","14":"tag-featurednews","15":"tag-gaza","16":"tag-hamas","17":"tag-headlines","18":"tag-israel","19":"tag-latest-news","20":"tag-latestnews","21":"tag-main-news","22":"tag-mainnews","23":"tag-medio-oriente","24":"tag-mundo","25":"tag-news","26":"tag-noticias","27":"tag-noticias-principais","28":"tag-noticiasprincipais","29":"tag-olp","30":"tag-principais-noticias","31":"tag-principaisnoticias","32":"tag-tecnocratas","33":"tag-top-stories","34":"tag-topstories","35":"tag-ultimas","36":"tag-ultimas-noticias","37":"tag-ultimasnoticias","38":"tag-world","39":"tag-world-news","40":"tag-worldnews"},"share_on_mastodon":{"url":"https:\/\/pubeurope.com\/@pt\/115435922034453124","error":""},"_links":{"self":[{"href":"https:\/\/www.europesays.com\/pt\/wp-json\/wp\/v2\/posts\/126013","targetHints":{"allow":["GET"]}}],"collection":[{"href":"https:\/\/www.europesays.com\/pt\/wp-json\/wp\/v2\/posts"}],"about":[{"href":"https:\/\/www.europesays.com\/pt\/wp-json\/wp\/v2\/types\/post"}],"author":[{"embeddable":true,"href":"https:\/\/www.europesays.com\/pt\/wp-json\/wp\/v2\/users\/2"}],"replies":[{"embeddable":true,"href":"https:\/\/www.europesays.com\/pt\/wp-json\/wp\/v2\/comments?post=126013"}],"version-history":[{"count":0,"href":"https:\/\/www.europesays.com\/pt\/wp-json\/wp\/v2\/posts\/126013\/revisions"}],"wp:featuredmedia":[{"embeddable":true,"href":"https:\/\/www.europesays.com\/pt\/wp-json\/wp\/v2\/media\/126014"}],"wp:attachment":[{"href":"https:\/\/www.europesays.com\/pt\/wp-json\/wp\/v2\/media?parent=126013"}],"wp:term":[{"taxonomy":"category","embeddable":true,"href":"https:\/\/www.europesays.com\/pt\/wp-json\/wp\/v2\/categories?post=126013"},{"taxonomy":"post_tag","embeddable":true,"href":"https:\/\/www.europesays.com\/pt\/wp-json\/wp\/v2\/tags?post=126013"}],"curies":[{"name":"wp","href":"https:\/\/api.w.org\/{rel}","templated":true}]}}