{"id":126015,"date":"2025-10-25T17:12:17","date_gmt":"2025-10-25T17:12:17","guid":{"rendered":"https:\/\/www.europesays.com\/pt\/126015\/"},"modified":"2025-10-25T17:12:17","modified_gmt":"2025-10-25T17:12:17","slug":"jovem-manu-foi-assassinado-em-braga-com-faca-que-amigo-levou-para-a-noite","status":"publish","type":"post","link":"https:\/\/www.europesays.com\/pt\/126015\/","title":{"rendered":"Jovem Manu foi assassinado em Braga com faca que amigo levou para a noite"},"content":{"rendered":"<p data-remotead-prev-elm=\"true\" data-remotead-elm-id=\"inread\">O jovem Manuel Gon\u00e7alves, ou simplesmente Manu, foi assassinado \u00e0 porta do Bar Acad\u00e9mico da Universidade do Minho, em Braga, com tr\u00eas golpes de uma faca de cozinha que pertenceria a um amigo, Rodrigo Barbosa, conhecido na cidade como Pop\u00f3. Por volta das 5 horas da madrugada, houve um confronto f\u00edsico entre o grupo de Manu, de 19 anos, e o do arguido Matheus Marley Machado, de 28, que acaba de ser acusado de homic\u00eddio qualificado.<\/p>\n","protected":false},"excerpt":{"rendered":"O jovem Manuel Gon\u00e7alves, ou simplesmente Manu, foi assassinado \u00e0 porta do Bar Acad\u00e9mico da Universidade do Minho,&hellip;\n","protected":false},"author":2,"featured_media":126016,"comment_status":"","ping_status":"","sticky":false,"template":"","format":"standard","meta":{"footnotes":""},"categories":[10],"tags":[27,28,15,16,14,5564,603,25,26,21,22,13419,12,13,19,20,32,23,24,33,17,18,29,30,31,28921],"class_list":{"0":"post-126015","1":"post","2":"type-post","3":"status-publish","4":"format-standard","5":"has-post-thumbnail","7":"category-portugal","8":"tag-breaking-news","9":"tag-breakingnews","10":"tag-featured-news","11":"tag-featurednews","12":"tag-headlines","13":"tag-homicidio","14":"tag-justica","15":"tag-latest-news","16":"tag-latestnews","17":"tag-main-news","18":"tag-mainnews","19":"tag-manu","20":"tag-news","21":"tag-noticias","22":"tag-noticias-principais","23":"tag-noticiasprincipais","24":"tag-portugal","25":"tag-principais-noticias","26":"tag-principaisnoticias","27":"tag-pt","28":"tag-top-stories","29":"tag-topstories","30":"tag-ultimas","31":"tag-ultimas-noticias","32":"tag-ultimasnoticias","33":"tag-universidade-do-minho"},"share_on_mastodon":{"url":"https:\/\/pubeurope.com\/@pt\/115435925945288414","error":""},"_links":{"self":[{"href":"https:\/\/www.europesays.com\/pt\/wp-json\/wp\/v2\/posts\/126015","targetHints":{"allow":["GET"]}}],"collection":[{"href":"https:\/\/www.europesays.com\/pt\/wp-json\/wp\/v2\/posts"}],"about":[{"href":"https:\/\/www.europesays.com\/pt\/wp-json\/wp\/v2\/types\/post"}],"author":[{"embeddable":true,"href":"https:\/\/www.europesays.com\/pt\/wp-json\/wp\/v2\/users\/2"}],"replies":[{"embeddable":true,"href":"https:\/\/www.europesays.com\/pt\/wp-json\/wp\/v2\/comments?post=126015"}],"version-history":[{"count":0,"href":"https:\/\/www.europesays.com\/pt\/wp-json\/wp\/v2\/posts\/126015\/revisions"}],"wp:featuredmedia":[{"embeddable":true,"href":"https:\/\/www.europesays.com\/pt\/wp-json\/wp\/v2\/media\/126016"}],"wp:attachment":[{"href":"https:\/\/www.europesays.com\/pt\/wp-json\/wp\/v2\/media?parent=126015"}],"wp:term":[{"taxonomy":"category","embeddable":true,"href":"https:\/\/www.europesays.com\/pt\/wp-json\/wp\/v2\/categories?post=126015"},{"taxonomy":"post_tag","embeddable":true,"href":"https:\/\/www.europesays.com\/pt\/wp-json\/wp\/v2\/tags?post=126015"}],"curies":[{"name":"wp","href":"https:\/\/api.w.org\/{rel}","templated":true}]}}