{"id":126021,"date":"2025-10-25T17:15:08","date_gmt":"2025-10-25T17:15:08","guid":{"rendered":"https:\/\/www.europesays.com\/pt\/126021\/"},"modified":"2025-10-25T17:15:08","modified_gmt":"2025-10-25T17:15:08","slug":"ilustrador-antonio-jorge-goncalves-vence-grande-premio-da-big","status":"publish","type":"post","link":"https:\/\/www.europesays.com\/pt\/126021\/","title":{"rendered":"Ilustrador Ant\u00f3nio Jorge Gon\u00e7alves vence Grande Pr\u00e9mio da BIG"},"content":{"rendered":"<p>O an\u00fancio surge no primeiro dia da bienal, que decorre at\u00e9 31 de dezembro, estando as 191 obras dos 95 ilustradores candidatos ao Pr\u00e9mio Nacional BIG 2025 expostas no Centro Cultural Vila Flor (CCVF), em Guimar\u00e3es, distrito de Braga.<\/p>\n<p>Em comunicado enviado \u00e0 ag\u00eancia Lusa, a organiza\u00e7\u00e3o refere que o Grande Pr\u00e9mio BIG 2025, no valor de 5.000 euros, foi atribu\u00eddo a Ant\u00f3nio Jorge Gon\u00e7alves, enquanto o Pr\u00e9mio BIG Revela\u00e7\u00e3o, no valor de mil euros, coube a Ant\u00f3nio Jos\u00e9 Lopes.<\/p>\n<p>Andr\u00e9 Carrilho, Catarina Sobral, Isabel Baraona, Jo\u00e3o Vaz de Carvalho e Maria Rem\u00e9dio foram distinguidos com o Pr\u00e9mio BIG Aquisi\u00e7\u00e3o, no valor de 500 euros cada.<\/p>\n<p>&#8220;S\u00e3o sete os pr\u00e9mios, num total de 8.500 euros, que integram o Pr\u00e9mio Nacional BIG 2025, dirigido aos artistas que desenvolvem a sua atividade profissional nas \u00e1reas da ilustra\u00e7\u00e3o de imprensa, de livros e de cartazes culturais&#8221;, explica a organiza\u00e7\u00e3o.<\/p>\n<p>O j\u00fari, composto por Em\u00edlio Remelhe, Madalena Matoso (vencedora em 2023) e Rudolfo da Silva, sublinhou &#8220;a qualidade gr\u00e1fica do trabalho&#8221; apresentado por Ant\u00f3nio Jorge Gon\u00e7alves, &#8220;reveladora da consist\u00eancia da sua obra, nomeadamente na desconstru\u00e7\u00e3o tem\u00e1tica e formal, na diversidade de conte\u00fado narrativo, na economia de meios, na s\u00edntese da composi\u00e7\u00e3o&#8221;.<\/p>\n<p>O j\u00fari destaca ainda &#8220;o impacto da sua produ\u00e7\u00e3o, os recursos ret\u00f3ricos e a consequente coer\u00eancia discursiva&#8221;.<\/p>\n<p>O Pr\u00e9mio BIG Revela\u00e7\u00e3o foi atribu\u00eddo a Ant\u00f3nio Jos\u00e9 Lopes &#8220;pela carga expressiva, pelo di\u00e1logo entre diferentes recursos t\u00e9cnicos, ret\u00f3ricos e qualidades narrativas&#8221;. Segundo o j\u00fari, o conjunto de trabalhos &#8220;motivou a curiosidade e deixou expectativas sobre o trabalho vindouro&#8221;.<\/p>\n<p>Os cinco Pr\u00e9mios BIG Aquisi\u00e7\u00e3o &#8220;visam dar continuidade ao acervo municipal de ilustra\u00e7\u00e3o portuguesa contempor\u00e2nea, procurando garantir a diversidade e a representatividade, alargando o espetro n\u00e3o s\u00f3 de repert\u00f3rio como tamb\u00e9m de linguagens. Dada a grande qualidade dos trabalhos apresentados, o j\u00fari optou por autores ainda n\u00e3o inclu\u00eddos no referido acervo&#8221;, justifica a organiza\u00e7\u00e3o.<\/p>\n<p>O Pr\u00e9mio Carreira BIG 2025, no valor de 10.000 euros e j\u00e1 anunciado, foi atribu\u00eddo a Cristina Sampaio.<\/p>\n<p>&#8220;A diversidade de perfis e as obras selecionadas na 5.\u00aa edi\u00e7\u00e3o da Bienal de Guimar\u00e3es refor\u00e7am a miss\u00e3o deste evento na divulga\u00e7\u00e3o e promo\u00e7\u00e3o do di\u00e1logo cr\u00edtico entre ilustradores de v\u00e1rias gera\u00e7\u00f5es e express\u00f5es art\u00edsticas. Est\u00e3o expostos trabalhos de universos e linguagens visuais distintos, com uma dimens\u00e3o que lhes \u00e9 comum &#8211; a relev\u00e2ncia e pertin\u00eancia criativa assente na cria\u00e7\u00e3o de di\u00e1logo e questionamento com diferentes p\u00fablicos e contextos&#8221;, l\u00ea-se no comunicado da organiza\u00e7\u00e3o.<\/p>\n<p>A BIG &#8211; Bienal de Ilustra\u00e7\u00e3o de Guimar\u00e3es \u00e9 uma iniciativa da C\u00e2mara de Guimar\u00e3es, com a organiza\u00e7\u00e3o da cooperativa MOTOR &#8211; Produ\u00e7\u00e3o Cultural, com sede em Guimar\u00e3es, e tem como objetivo dignificar o papel dos ilustradores no desenvolvimento cultural, no campo da edi\u00e7\u00e3o, livros, revistas, jornais, cartazes, suportes cl\u00e1ssicos de comunica\u00e7\u00e3o de massas e no dom\u00ednio das novas tecnologias.<\/p>\n<p>Leia Tamb\u00e9m: <a href=\"https:\/\/www.noticiasaominuto.com\/cultura\/2876804\/arranca-bienal-de-ilustracao-de-guimaraes-cristina-sampaio-recebe-premio\" target=\"_blank\" rel=\"noreferrer noopener nofollow\">Arranca Bienal de Ilustra\u00e7\u00e3o de Guimar\u00e3es. Cristina Sampaio recebe pr\u00e9mio<\/a><\/p>\n","protected":false},"excerpt":{"rendered":"O an\u00fancio surge no primeiro dia da bienal, que decorre at\u00e9 31 de dezembro, estando as 191 obras&hellip;\n","protected":false},"author":2,"featured_media":126022,"comment_status":"","ping_status":"","sticky":false,"template":"","format":"standard","meta":{"footnotes":""},"categories":[144],"tags":[207,205,206,203,201,202,204,114,115,32,33],"class_list":{"0":"post-126021","1":"post","2":"type-post","3":"status-publish","4":"format-standard","5":"has-post-thumbnail","7":"category-arte-e-design","8":"tag-arte","9":"tag-arte-e-design","10":"tag-artedesign","11":"tag-arts","12":"tag-arts-and-design","13":"tag-artsanddesign","14":"tag-design","15":"tag-entertainment","16":"tag-entretenimento","17":"tag-portugal","18":"tag-pt"},"share_on_mastodon":{"url":"https:\/\/pubeurope.com\/@pt\/115435937639844741","error":""},"_links":{"self":[{"href":"https:\/\/www.europesays.com\/pt\/wp-json\/wp\/v2\/posts\/126021","targetHints":{"allow":["GET"]}}],"collection":[{"href":"https:\/\/www.europesays.com\/pt\/wp-json\/wp\/v2\/posts"}],"about":[{"href":"https:\/\/www.europesays.com\/pt\/wp-json\/wp\/v2\/types\/post"}],"author":[{"embeddable":true,"href":"https:\/\/www.europesays.com\/pt\/wp-json\/wp\/v2\/users\/2"}],"replies":[{"embeddable":true,"href":"https:\/\/www.europesays.com\/pt\/wp-json\/wp\/v2\/comments?post=126021"}],"version-history":[{"count":0,"href":"https:\/\/www.europesays.com\/pt\/wp-json\/wp\/v2\/posts\/126021\/revisions"}],"wp:featuredmedia":[{"embeddable":true,"href":"https:\/\/www.europesays.com\/pt\/wp-json\/wp\/v2\/media\/126022"}],"wp:attachment":[{"href":"https:\/\/www.europesays.com\/pt\/wp-json\/wp\/v2\/media?parent=126021"}],"wp:term":[{"taxonomy":"category","embeddable":true,"href":"https:\/\/www.europesays.com\/pt\/wp-json\/wp\/v2\/categories?post=126021"},{"taxonomy":"post_tag","embeddable":true,"href":"https:\/\/www.europesays.com\/pt\/wp-json\/wp\/v2\/tags?post=126021"}],"curies":[{"name":"wp","href":"https:\/\/api.w.org\/{rel}","templated":true}]}}