{"id":126023,"date":"2025-10-25T17:21:08","date_gmt":"2025-10-25T17:21:08","guid":{"rendered":"https:\/\/www.europesays.com\/pt\/126023\/"},"modified":"2025-10-25T17:21:08","modified_gmt":"2025-10-25T17:21:08","slug":"onde-ver-o-moreirense-x-fc-porto-da-primeira-liga","status":"publish","type":"post","link":"https:\/\/www.europesays.com\/pt\/126023\/","title":{"rendered":"Onde ver o Moreirense x FC Porto da Primeira Liga?"},"content":{"rendered":"<p>&#8211; Advertisement &#8211;<\/p>\n<p><strong>O Moreirense vai receber o FC Porto na nona jornada da Primeira Liga. Jogo ser\u00e1 transmitido pelas 20h15 na TVI.<\/strong><\/p>\n<p>O Moreirense x FC Porto ser\u00e1 transmitido em canal aberto na TVI. O jogo, a contar para a nona jornada da Primeira Liga, est\u00e1 marcado para esta segunda-feira pelas 20h15 no Est\u00e1dio Comendador Joaquim de Almeida Freitas.<\/p>\n<p>Neste momento, o FC Porto \u00e9 o atual 1.\u00ba lugar da Primeira Liga, com 22 pontos, enquanto o Moreirense segue no 5.\u00ba posto, com 15 pontos. A equipa de Moreira de C\u00f3negos prepara-se agora para receber os l\u00edderes.<\/p>\n<p>Continua a <a href=\"https:\/\/bolanarede.pt\/etiqueta\/primeira-liga\/\" target=\"_blank\" rel=\"noreferrer noopener nofollow\">acompanhar a Primeira Liga<\/a>.<\/p>\n","protected":false},"excerpt":{"rendered":"&#8211; Advertisement &#8211; O Moreirense vai receber o FC Porto na nona jornada da Primeira Liga. Jogo ser\u00e1&hellip;\n","protected":false},"author":2,"featured_media":86469,"comment_status":"","ping_status":"","sticky":false,"template":"","format":"standard","meta":{"footnotes":""},"categories":[87],"tags":[260,135,282,8343,32,479,33,134],"class_list":{"0":"post-126023","1":"post","2":"type-post","3":"status-publish","4":"format-standard","5":"has-post-thumbnail","7":"category-desporto","8":"tag-atualidade","9":"tag-desporto","10":"tag-fc-porto","11":"tag-moreirense","12":"tag-portugal","13":"tag-primeira-liga","14":"tag-pt","15":"tag-sports"},"share_on_mastodon":{"url":"https:\/\/pubeurope.com\/@pt\/115435961401054126","error":""},"_links":{"self":[{"href":"https:\/\/www.europesays.com\/pt\/wp-json\/wp\/v2\/posts\/126023","targetHints":{"allow":["GET"]}}],"collection":[{"href":"https:\/\/www.europesays.com\/pt\/wp-json\/wp\/v2\/posts"}],"about":[{"href":"https:\/\/www.europesays.com\/pt\/wp-json\/wp\/v2\/types\/post"}],"author":[{"embeddable":true,"href":"https:\/\/www.europesays.com\/pt\/wp-json\/wp\/v2\/users\/2"}],"replies":[{"embeddable":true,"href":"https:\/\/www.europesays.com\/pt\/wp-json\/wp\/v2\/comments?post=126023"}],"version-history":[{"count":0,"href":"https:\/\/www.europesays.com\/pt\/wp-json\/wp\/v2\/posts\/126023\/revisions"}],"wp:featuredmedia":[{"embeddable":true,"href":"https:\/\/www.europesays.com\/pt\/wp-json\/wp\/v2\/media\/86469"}],"wp:attachment":[{"href":"https:\/\/www.europesays.com\/pt\/wp-json\/wp\/v2\/media?parent=126023"}],"wp:term":[{"taxonomy":"category","embeddable":true,"href":"https:\/\/www.europesays.com\/pt\/wp-json\/wp\/v2\/categories?post=126023"},{"taxonomy":"post_tag","embeddable":true,"href":"https:\/\/www.europesays.com\/pt\/wp-json\/wp\/v2\/tags?post=126023"}],"curies":[{"name":"wp","href":"https:\/\/api.w.org\/{rel}","templated":true}]}}