{"id":126034,"date":"2025-10-25T17:29:20","date_gmt":"2025-10-25T17:29:20","guid":{"rendered":"https:\/\/www.europesays.com\/pt\/126034\/"},"modified":"2025-10-25T17:29:20","modified_gmt":"2025-10-25T17:29:20","slug":"filha-mais-velha-de-paula-lobo-antunes-e-jorge-corrula-esta-linda-como-a-mae-veja-fotos-raras-do-rosto-da-pre-adolescente","status":"publish","type":"post","link":"https:\/\/www.europesays.com\/pt\/126034\/","title":{"rendered":"Filha mais velha de Paula Lobo Antunes e Jorge Corrula est\u00e1 &#8220;linda como a m\u00e3e&#8221;: veja fotos raras do rosto da pr\u00e9-adolescente!"},"content":{"rendered":"<p>Recentemente, foi dia de festa, para\u00a0Jorge Corrula\u00a0e Paula Lobo Antunes: o casal de atores celebrou o 13.\u00ba anivers\u00e1rio da filha mais velha, Beatriz.<\/p>\n<p>Paula Lobo Antunes fez quest\u00e3o de destacar a data \u00fanica, recorrendo ao Instagram. &#8220;13&#8221;, assinalou, apenas, a atriz na legenda de uma s\u00e9rie de fotografias da aniversariante. Em algumas das imagens, pode ver-se o rosto da jovem. E, numa fotografia, Beatriz mostra-se a seguir os passos dos pais, j\u00e1 que come\u00e7a a dar os primeiros passos no mundo das artes, s\u00f3 que em vez de ser na representa\u00e7\u00e3o, Beatriz dedica-se \u00e0 m\u00fasica.<\/p>\n<p>&#8220;Enorme e linda como a m\u00e3e!&#8221;; &#8220;Como \u00e9 poss\u00edvel, j\u00e1 s\u00e3o 13 anos&#8221; e &#8220;Mi\u00fada gira&#8221;, pode ler-se na caixa de coment\u00e1rios da publica\u00e7\u00e3o.<\/p>\n<p>Recorde-se que Paula Lobo Antunes e Jorge Corrula s\u00e3o pais de mais uma menina,\u00a0a pequena Mel, de cinco anos.<\/p>\n<p>Veja, agora, as imagens partilhadas por Paula Lobo Antunes na galeria de fotografias que prepar\u00e1mos para si.<\/p>\n","protected":false},"excerpt":{"rendered":"Recentemente, foi dia de festa, para\u00a0Jorge Corrula\u00a0e Paula Lobo Antunes: o casal de atores celebrou o 13.\u00ba anivers\u00e1rio&hellip;\n","protected":false},"author":2,"featured_media":126035,"comment_status":"","ping_status":"","sticky":false,"template":"","format":"standard","meta":{"footnotes":""},"categories":[145],"tags":[1244,813,211,210,114,115,981,980,1870,1015,28926,619,17995,32,33,1012,1751],"class_list":{"0":"post-126034","1":"post","2":"type-post","3":"status-publish","4":"format-standard","5":"has-post-thumbnail","7":"category-celebridades","8":"tag-ator","9":"tag-atriz","10":"tag-celebridades","11":"tag-celebrities","12":"tag-entertainment","13":"tag-entretenimento","14":"tag-familia","15":"tag-famosos","16":"tag-filhos","17":"tag-instagram","18":"tag-jorge-corrula","19":"tag-nacional","20":"tag-paula-lobo-antunes","21":"tag-portugal","22":"tag-pt","23":"tag-selfie","24":"tag-sic"},"share_on_mastodon":{"url":"https:\/\/pubeurope.com\/@pt\/115435992830162819","error":""},"_links":{"self":[{"href":"https:\/\/www.europesays.com\/pt\/wp-json\/wp\/v2\/posts\/126034","targetHints":{"allow":["GET"]}}],"collection":[{"href":"https:\/\/www.europesays.com\/pt\/wp-json\/wp\/v2\/posts"}],"about":[{"href":"https:\/\/www.europesays.com\/pt\/wp-json\/wp\/v2\/types\/post"}],"author":[{"embeddable":true,"href":"https:\/\/www.europesays.com\/pt\/wp-json\/wp\/v2\/users\/2"}],"replies":[{"embeddable":true,"href":"https:\/\/www.europesays.com\/pt\/wp-json\/wp\/v2\/comments?post=126034"}],"version-history":[{"count":0,"href":"https:\/\/www.europesays.com\/pt\/wp-json\/wp\/v2\/posts\/126034\/revisions"}],"wp:featuredmedia":[{"embeddable":true,"href":"https:\/\/www.europesays.com\/pt\/wp-json\/wp\/v2\/media\/126035"}],"wp:attachment":[{"href":"https:\/\/www.europesays.com\/pt\/wp-json\/wp\/v2\/media?parent=126034"}],"wp:term":[{"taxonomy":"category","embeddable":true,"href":"https:\/\/www.europesays.com\/pt\/wp-json\/wp\/v2\/categories?post=126034"},{"taxonomy":"post_tag","embeddable":true,"href":"https:\/\/www.europesays.com\/pt\/wp-json\/wp\/v2\/tags?post=126034"}],"curies":[{"name":"wp","href":"https:\/\/api.w.org\/{rel}","templated":true}]}}