{"id":126036,"date":"2025-10-25T17:30:10","date_gmt":"2025-10-25T17:30:10","guid":{"rendered":"https:\/\/www.europesays.com\/pt\/126036\/"},"modified":"2025-10-25T17:30:10","modified_gmt":"2025-10-25T17:30:10","slug":"belem-vira-galeria-a-ceu-aberto-com-estatuas-de-oncas-coloridas","status":"publish","type":"post","link":"https:\/\/www.europesays.com\/pt\/126036\/","title":{"rendered":"Bel\u00e9m vira galeria a c\u00e9u aberto com est\u00e1tuas de on\u00e7as coloridas"},"content":{"rendered":"<p>A partir deste s\u00e1bado (25), Bel\u00e9m se transforma em uma grande galeria a c\u00e9u aberto com a chegada da <strong>Jaguar Parade 2025<\/strong>, exposi\u00e7\u00e3o internacional que une arte, cultura e consci\u00eancia ambiental. A <strong>mostra<\/strong>, que coincide com o per\u00edodo em que a cidade sedia a 30\u00aa Confer\u00eancia das Na\u00e7\u00f5es Unidas Sobre Mudan\u00e7as Clim\u00e1ticas (COP30), apresenta <strong>cerca de 50 esculturas de on\u00e7as-pintadas espalhadas por pontos tur\u00edsticos e espa\u00e7os de grande circula\u00e7\u00e3o<\/strong>.<img decoding=\"async\" src=\"https:\/\/www.europesays.com\/pt\/wp-content\/uploads\/2025\/10\/1761413409_471_ebc.png\" style=\"width:1px; height:1px; display:inline;\"\/><img decoding=\"async\" src=\"https:\/\/www.europesays.com\/pt\/wp-content\/uploads\/2025\/10\/1761413409_946_ebc.gif\" style=\"width:1px; height:1px; display:inline;\"\/><\/p>\n<p>As <strong>esculturas coloridas e estilizadas<\/strong>, criadas por artistas brasileiros e internacionais, d<strong>estacam a import\u00e2ncia da preserva\u00e7\u00e3o da on\u00e7a-pintada e de seu habitat<\/strong>, especialmente na Amaz\u00f4nia, onde vive a maior popula\u00e7\u00e3o do felino.<\/p>\n<p>Das 50 obras expostas, 38 foram customizadas por artistas paraenses, duas vieram do Maranh\u00e3o e dez s\u00e3o reapresenta\u00e7\u00f5es de edi\u00e7\u00f5es anteriores em cidades como S\u00e3o Paulo, Rio de Janeiro, Belo Horizonte, Florian\u00f3polis, Nova York, Cali e Paris \u2013\u00a0onde o projeto integrou a programa\u00e7\u00e3o dos Jogos Ol\u00edmpicos de 2024.<\/p>\n<p><strong>A edi\u00e7\u00e3o de Bel\u00e9m tamb\u00e9m valoriza o protagonismo feminino amaz\u00f4nico<\/strong>. As artistas e madrinhas Gaby Amarantos, Faf\u00e1 de Bel\u00e9m e Isabelle Nogueira se unem \u00e0 iniciativa para refor\u00e7ar a mensagem de defesa da floresta e da biodiversidade.<\/p>\n<p>            <img decoding=\"async\" src=\"https:\/\/www.europesays.com\/pt\/wp-content\/uploads\/2025\/08\/loading_v2.gif\" data-echo=\"https:\/\/imagens.ebc.com.br\/iZ_QoWHc4YS8vVrE5Ac4RMI14ks=\/463x0\/smart\/https:\/\/agenciabrasil.ebc.com.br\/sites\/default\/files\/thumbnails\/image\/2025\/10\/24\/img_4446.jpg?itok=Kv0DQPB5\" alt=\"Bel\u00e9m (PA), 24\/10\/2025 - Galeria a c\u00e9u aberto com est\u00e1tuas de on\u00e7as coloridas. Foto: Jaguar Parade\/Divulga\u00e7\u00e3o\" title=\"Jaguar Parade\/Divulga\u00e7\u00e3o\"\/><\/p>\n<p>\nEsculturas\u00a0de on\u00e7as-pintadas ficam expostas em Bel\u00e9m at\u00e9 30 de novembro &#8211;\u00a0<strong>Foto: Jaguar Parade\/Divulga\u00e7\u00e3o<\/strong>\n<\/p>\n<p><strong>As esculturas ficar\u00e3o expostas at\u00e9 30 de novembro<\/strong>. No dia 29, quando se celebra o Dia Nacional da On\u00e7a-Pintada, ser\u00e1 realizado o leil\u00e3o beneficente das obras. Toda a arrecada\u00e7\u00e3o ser\u00e1 destinada para institui\u00e7\u00f5es que atuam na conserva\u00e7\u00e3o da esp\u00e9cie, como On\u00e7afari, Panthera, Ampara Silvestre, SOS Pantanal, Instituto Libio, Instituto Peabiru e BRC.<\/p>\n<p>Criada em 2019, a Jaguar Parade chega pela primeira vez \u00e0 Regi\u00e3o Norte, com o prop\u00f3sito de aliar arte e impacto socioambiental. As on\u00e7as poder\u00e3o ser vistas em locais emblem\u00e1ticos como o Portal da Amaz\u00f4nia, Esta\u00e7\u00e3o das Docas, Ver-o-Rio, Pra\u00e7a da Rep\u00fablica, Pra\u00e7a Santu\u00e1rio de Nazar\u00e9 e Parque da Resid\u00eancia, entre outros.<\/p>\n<p><strong>Servi\u00e7o<\/strong><\/p>\n<p>Jaguar Parade Bel\u00e9m 2025<br \/>Exposi\u00e7\u00e3o em Bel\u00e9m: 25 de outubro a 30 de novembro<br \/>Leil\u00e3o da Jaguar Parade: 29 de novembro<br \/>Informa\u00e7\u00f5es: <a href=\"http:\/\/www.jaguarparade.com\/belem2025\" target=\"_blank\" rel=\"nofollow noopener\">www.jaguarparade.com\/belem2025<\/a><br \/>Redes sociais: @jaguar.parade<\/p>\n","protected":false},"excerpt":{"rendered":"A partir deste s\u00e1bado (25), Bel\u00e9m se transforma em uma grande galeria a c\u00e9u aberto com a chegada&hellip;\n","protected":false},"author":2,"featured_media":126037,"comment_status":"","ping_status":"","sticky":false,"template":"","format":"standard","meta":{"footnotes":""},"categories":[144],"tags":[207,205,206,203,201,202,204,114,115,32,33],"class_list":{"0":"post-126036","1":"post","2":"type-post","3":"status-publish","4":"format-standard","5":"has-post-thumbnail","7":"category-arte-e-design","8":"tag-arte","9":"tag-arte-e-design","10":"tag-artedesign","11":"tag-arts","12":"tag-arts-and-design","13":"tag-artsanddesign","14":"tag-design","15":"tag-entertainment","16":"tag-entretenimento","17":"tag-portugal","18":"tag-pt"},"share_on_mastodon":{"url":"https:\/\/pubeurope.com\/@pt\/115435996821465536","error":""},"_links":{"self":[{"href":"https:\/\/www.europesays.com\/pt\/wp-json\/wp\/v2\/posts\/126036","targetHints":{"allow":["GET"]}}],"collection":[{"href":"https:\/\/www.europesays.com\/pt\/wp-json\/wp\/v2\/posts"}],"about":[{"href":"https:\/\/www.europesays.com\/pt\/wp-json\/wp\/v2\/types\/post"}],"author":[{"embeddable":true,"href":"https:\/\/www.europesays.com\/pt\/wp-json\/wp\/v2\/users\/2"}],"replies":[{"embeddable":true,"href":"https:\/\/www.europesays.com\/pt\/wp-json\/wp\/v2\/comments?post=126036"}],"version-history":[{"count":0,"href":"https:\/\/www.europesays.com\/pt\/wp-json\/wp\/v2\/posts\/126036\/revisions"}],"wp:featuredmedia":[{"embeddable":true,"href":"https:\/\/www.europesays.com\/pt\/wp-json\/wp\/v2\/media\/126037"}],"wp:attachment":[{"href":"https:\/\/www.europesays.com\/pt\/wp-json\/wp\/v2\/media?parent=126036"}],"wp:term":[{"taxonomy":"category","embeddable":true,"href":"https:\/\/www.europesays.com\/pt\/wp-json\/wp\/v2\/categories?post=126036"},{"taxonomy":"post_tag","embeddable":true,"href":"https:\/\/www.europesays.com\/pt\/wp-json\/wp\/v2\/tags?post=126036"}],"curies":[{"name":"wp","href":"https:\/\/api.w.org\/{rel}","templated":true}]}}