{"id":126046,"date":"2025-10-25T17:41:18","date_gmt":"2025-10-25T17:41:18","guid":{"rendered":"https:\/\/www.europesays.com\/pt\/126046\/"},"modified":"2025-10-25T17:41:18","modified_gmt":"2025-10-25T17:41:18","slug":"policia-maritima-apreende-mais-de-20-motas-de-agua-e-material-nautico-suspeito-em-portimao","status":"publish","type":"post","link":"https:\/\/www.europesays.com\/pt\/126046\/","title":{"rendered":"Pol\u00edcia Mar\u00edtima apreende mais de 20 motas de \u00e1gua e material n\u00e1utico suspeito em Portim\u00e3o"},"content":{"rendered":"<p>&#13;<br \/>\nDurante a opera\u00e7\u00e3o, levada a cabo pela Unidade Central de Investiga\u00e7\u00e3o Criminal (UCIC) e pelo Comando Regional da Pol\u00edcia Mar\u00edtima do Sul, &#8220;os elementos da Pol\u00edcia Mar\u00edtima detetaram mais de duas dezenas de motas de \u00e1gua, bem como atrelados e pe\u00e7as sobressalentes de embarca\u00e7\u00f5es&#8221;, anunciou a Autoridade Mar\u00edtima Nacional, em comunicado.&#13;\n<\/p>\n<p>&#13;<br \/>\nOs bens apreendidos estavam &#8220;num espa\u00e7o alegadamente usado para armazenar material n\u00e1utico de origem e destino suspeitos, que apresenta ind\u00edcios de falsifica\u00e7\u00e3o de nota\u00e7\u00e3o t\u00e9cnica e outras irregularidades&#8221;.&#13;\n<\/p>\n<p>&#13;<br \/>\nSegundo a mesma nota, foi constitu\u00eddo arguido um suspeito de envolvimento nas atividades il\u00edcitas detetadas.&#13;\n<\/p>\n<p>&#13;<br \/>\nO material encontrado foi apreendido e foram recolhidos elementos de prova considerados pertinentes para o seguimento das investiga\u00e7\u00f5es, que decorrem &#8220;sob a dire\u00e7\u00e3o da autoridade judici\u00e1ria competente&#8221;.&#13;<\/p>\n","protected":false},"excerpt":{"rendered":"&#13; Durante a opera\u00e7\u00e3o, levada a cabo pela Unidade Central de Investiga\u00e7\u00e3o Criminal (UCIC) e pelo Comando Regional&hellip;\n","protected":false},"author":2,"featured_media":126047,"comment_status":"","ping_status":"","sticky":false,"template":"","format":"standard","meta":{"footnotes":""},"categories":[10],"tags":[27,28,15,16,14,25,26,21,22,12,13,19,20,10765,32,23,24,33,17,18,29,30,31],"class_list":{"0":"post-126046","1":"post","2":"type-post","3":"status-publish","4":"format-standard","5":"has-post-thumbnail","7":"category-portugal","8":"tag-breaking-news","9":"tag-breakingnews","10":"tag-featured-news","11":"tag-featurednews","12":"tag-headlines","13":"tag-latest-news","14":"tag-latestnews","15":"tag-main-news","16":"tag-mainnews","17":"tag-news","18":"tag-noticias","19":"tag-noticias-principais","20":"tag-noticiasprincipais","21":"tag-portimao","22":"tag-portugal","23":"tag-principais-noticias","24":"tag-principaisnoticias","25":"tag-pt","26":"tag-top-stories","27":"tag-topstories","28":"tag-ultimas","29":"tag-ultimas-noticias","30":"tag-ultimasnoticias"},"share_on_mastodon":{"url":"https:\/\/pubeurope.com\/@pt\/115436039887835685","error":""},"_links":{"self":[{"href":"https:\/\/www.europesays.com\/pt\/wp-json\/wp\/v2\/posts\/126046","targetHints":{"allow":["GET"]}}],"collection":[{"href":"https:\/\/www.europesays.com\/pt\/wp-json\/wp\/v2\/posts"}],"about":[{"href":"https:\/\/www.europesays.com\/pt\/wp-json\/wp\/v2\/types\/post"}],"author":[{"embeddable":true,"href":"https:\/\/www.europesays.com\/pt\/wp-json\/wp\/v2\/users\/2"}],"replies":[{"embeddable":true,"href":"https:\/\/www.europesays.com\/pt\/wp-json\/wp\/v2\/comments?post=126046"}],"version-history":[{"count":0,"href":"https:\/\/www.europesays.com\/pt\/wp-json\/wp\/v2\/posts\/126046\/revisions"}],"wp:featuredmedia":[{"embeddable":true,"href":"https:\/\/www.europesays.com\/pt\/wp-json\/wp\/v2\/media\/126047"}],"wp:attachment":[{"href":"https:\/\/www.europesays.com\/pt\/wp-json\/wp\/v2\/media?parent=126046"}],"wp:term":[{"taxonomy":"category","embeddable":true,"href":"https:\/\/www.europesays.com\/pt\/wp-json\/wp\/v2\/categories?post=126046"},{"taxonomy":"post_tag","embeddable":true,"href":"https:\/\/www.europesays.com\/pt\/wp-json\/wp\/v2\/tags?post=126046"}],"curies":[{"name":"wp","href":"https:\/\/api.w.org\/{rel}","templated":true}]}}