{"id":126050,"date":"2025-10-25T17:44:12","date_gmt":"2025-10-25T17:44:12","guid":{"rendered":"https:\/\/www.europesays.com\/pt\/126050\/"},"modified":"2025-10-25T17:44:12","modified_gmt":"2025-10-25T17:44:12","slug":"decoracao-com-mix-de-texturas-como-usar-sem-exagerar-decoracao","status":"publish","type":"post","link":"https:\/\/www.europesays.com\/pt\/126050\/","title":{"rendered":"Decora\u00e7\u00e3o com mix de texturas: como usar sem exagerar | Decora\u00e7\u00e3o"},"content":{"rendered":"\n<p class=\" content-text__container \" data-track-category=\"Link no Texto\" data-track-links=\"\"> A harmonia est\u00e1 no contraste: superf\u00edcies lisas com r\u00fasticas, opacas com brilhantes, frias (como o <a class=\"\" href=\"https:\/\/casavogue.globo.com\/marcas-parceiras\/noticia\/2024\/10\/dicas-para-acertar-na-escolha-do-marmore-para-ambientes-molhados.ghtml\" rel=\"nofollow noopener\" target=\"_blank\">m\u00e1rmore<\/a>) com quentes (como a <a class=\"\" href=\"https:\/\/casavogue.globo.com\/Interiores\/Ambientes\/noticia\/2019\/05\/10-paineis-de-madeira-que-decoram-e-transformam-qualquer-ambiente.html\" rel=\"nofollow noopener\" target=\"_blank\">madeira<\/a>). \u201cUma textura lisa, como o couro, pode se equilibrar com uma trama mais r\u00fastica, como a palha. N\u00e3o h\u00e1 uma regra fixa\u201d, observa Juliana. As texturas naturais, como madeira e linho, trazem calor e acolhimento, enquanto as sint\u00e9ticas oferecem tecnologia e praticidade. \u201cMisturar o que vem da natureza com o que \u00e9 feito pelo homem torna os ambientes mais aut\u00eanticos e cheios de ess\u00eancia\u201d, complementa. Para n\u00e3o errar e sobrecarregar o ambiente, a dica \u00e9 trabalhar com at\u00e9 tr\u00eas texturas principais em cada espa\u00e7o. <\/p>\n","protected":false},"excerpt":{"rendered":"A harmonia est\u00e1 no contraste: superf\u00edcies lisas com r\u00fasticas, opacas com brilhantes, frias (como o m\u00e1rmore) com quentes&hellip;\n","protected":false},"author":2,"featured_media":126051,"comment_status":"","ping_status":"","sticky":false,"template":"","format":"standard","meta":{"footnotes":""},"categories":[144],"tags":[207,205,206,203,201,202,204,114,115,32,33],"class_list":{"0":"post-126050","1":"post","2":"type-post","3":"status-publish","4":"format-standard","5":"has-post-thumbnail","7":"category-arte-e-design","8":"tag-arte","9":"tag-arte-e-design","10":"tag-artedesign","11":"tag-arts","12":"tag-arts-and-design","13":"tag-artsanddesign","14":"tag-design","15":"tag-entertainment","16":"tag-entretenimento","17":"tag-portugal","18":"tag-pt"},"share_on_mastodon":{"url":"https:\/\/pubeurope.com\/@pt\/115436051700372632","error":""},"_links":{"self":[{"href":"https:\/\/www.europesays.com\/pt\/wp-json\/wp\/v2\/posts\/126050","targetHints":{"allow":["GET"]}}],"collection":[{"href":"https:\/\/www.europesays.com\/pt\/wp-json\/wp\/v2\/posts"}],"about":[{"href":"https:\/\/www.europesays.com\/pt\/wp-json\/wp\/v2\/types\/post"}],"author":[{"embeddable":true,"href":"https:\/\/www.europesays.com\/pt\/wp-json\/wp\/v2\/users\/2"}],"replies":[{"embeddable":true,"href":"https:\/\/www.europesays.com\/pt\/wp-json\/wp\/v2\/comments?post=126050"}],"version-history":[{"count":0,"href":"https:\/\/www.europesays.com\/pt\/wp-json\/wp\/v2\/posts\/126050\/revisions"}],"wp:featuredmedia":[{"embeddable":true,"href":"https:\/\/www.europesays.com\/pt\/wp-json\/wp\/v2\/media\/126051"}],"wp:attachment":[{"href":"https:\/\/www.europesays.com\/pt\/wp-json\/wp\/v2\/media?parent=126050"}],"wp:term":[{"taxonomy":"category","embeddable":true,"href":"https:\/\/www.europesays.com\/pt\/wp-json\/wp\/v2\/categories?post=126050"},{"taxonomy":"post_tag","embeddable":true,"href":"https:\/\/www.europesays.com\/pt\/wp-json\/wp\/v2\/tags?post=126050"}],"curies":[{"name":"wp","href":"https:\/\/api.w.org\/{rel}","templated":true}]}}