{"id":126054,"date":"2025-10-25T17:49:08","date_gmt":"2025-10-25T17:49:08","guid":{"rendered":"https:\/\/www.europesays.com\/pt\/126054\/"},"modified":"2025-10-25T17:49:08","modified_gmt":"2025-10-25T17:49:08","slug":"pablo-sempre-tive-o-sonho-de-jogar-na-selecao-portuguesa","status":"publish","type":"post","link":"https:\/\/www.europesays.com\/pt\/126054\/","title":{"rendered":"Pablo: \u00abSempre tive o sonho de jogar na sele\u00e7\u00e3o portuguesa\u00bb"},"content":{"rendered":"<p>Pablo, avan\u00e7ado do Gil Vicente e atual melhor marcador da Liga com sete golos, est\u00e1 na calha para se tornar portugu\u00eas, ele que nasceu em Braga, mas at\u00e9 agora tinha apenas nacionalidade brasileira.<\/p>\n<p>Filho de Pena &#8211; antigo avan\u00e7ado que brilhou no FC Porto -, o ponta de lan\u00e7a confessou aos brasileiros do Globoesporte que, apesar de ter nacionalidade brasileira, a verdadeira ambi\u00e7\u00e3o dele passa por representar a sele\u00e7\u00e3o portuguesa.\u00a0<\/p>\n<p>\u00abEu sempre tive o sonho em jogar pela sele\u00e7\u00e3o portuguesa. Quando eu estava nos sub-19, tive a possibilidade de jogar o Europeu por Portugal. Foi uma pena o documento n\u00e3o ter sa\u00eddo a tempo, mas agora est\u00e1 quase a sair e eu escolheria Portugal\u00bb, confessou o jogador.<\/p>\n<p>Apesar de, tamb\u00e9m ter a op\u00e7\u00e3o de jogar pelo Brasil por via do pai ser brasileiro, Pablo nunca teve d\u00favidas sobre por qual sele\u00e7\u00e3o queria jogar, at\u00e9 porque toda a sua forma\u00e7\u00e3o foi feita em Portugal e nunca atuou por qualquer clube brasileiro.<\/p>\n<p>O jogador, de 21 anos, revelou, ali\u00e1s, que o pai teve um papel fundamental no caminho que construiu at\u00e9 se tornar jogador profissional.<\/p>\n<p>\u00abA minha maior refer\u00eancia no futebol \u00e9 o meu pai. Ele sempre foi muito transparente: se eu quisesse seguir outra profiss\u00e3o, ficava \u00e0 vontade. Mas, por ter sempre vivido nesse ambiente de futebol, estar com ele nos jogos, foi uma paix\u00e3o que eu tive desde pequeno. Sempre tive o sonho em tornar-me jogador. Depois que ele viu que eu tinha esse mesmo objetivo, come\u00e7ou a ajudar-me para poder realizar esse sonho\u00bb, revelou Pablo.<\/p>\n<p>Pablo est\u00e1 a ter o melhor arranque de temporada da carreira, com sete golos marcados, nos primeiros dez jogos. Por compara\u00e7\u00e3o, na \u00e9poca passada o avan\u00e7ado do Gil Vicente apontou apenas cinco golos. Talvez por isso, <strong><a href=\"https:\/\/maisfutebol.iol.pt\/liga\/alverca\/pablo-a-selecao-so-teria-a-ganhar-se-os-dois-fossem-convocado-e-utilizado\" rel=\"nofollow noopener\" target=\"_blank\">C\u00e9sar Peixoto j\u00e1 lan\u00e7ou o ponta de lan\u00e7a para a sele\u00e7\u00e3o nacional<\/a><\/strong>.<\/p>\n","protected":false},"excerpt":{"rendered":"Pablo, avan\u00e7ado do Gil Vicente e atual melhor marcador da Liga com sete golos, est\u00e1 na calha para&hellip;\n","protected":false},"author":2,"featured_media":126055,"comment_status":"","ping_status":"","sticky":false,"template":"","format":"standard","meta":{"footnotes":""},"categories":[87],"tags":[135,9112,46,11348,28927,32,33,47,4338,5420,134],"class_list":{"0":"post-126054","1":"post","2":"type-post","3":"status-publish","4":"format-standard","5":"has-post-thumbnail","7":"category-desporto","8":"tag-desporto","9":"tag-gil-vicente","10":"tag-maisfutebol","11":"tag-pablo","12":"tag-pablo-felipe","13":"tag-portugal","14":"tag-pt","15":"tag-pura-paixao","16":"tag-selecao","17":"tag-selecao-nacional","18":"tag-sports"},"share_on_mastodon":{"url":"https:\/\/pubeurope.com\/@pt\/115436071513281295","error":""},"_links":{"self":[{"href":"https:\/\/www.europesays.com\/pt\/wp-json\/wp\/v2\/posts\/126054","targetHints":{"allow":["GET"]}}],"collection":[{"href":"https:\/\/www.europesays.com\/pt\/wp-json\/wp\/v2\/posts"}],"about":[{"href":"https:\/\/www.europesays.com\/pt\/wp-json\/wp\/v2\/types\/post"}],"author":[{"embeddable":true,"href":"https:\/\/www.europesays.com\/pt\/wp-json\/wp\/v2\/users\/2"}],"replies":[{"embeddable":true,"href":"https:\/\/www.europesays.com\/pt\/wp-json\/wp\/v2\/comments?post=126054"}],"version-history":[{"count":0,"href":"https:\/\/www.europesays.com\/pt\/wp-json\/wp\/v2\/posts\/126054\/revisions"}],"wp:featuredmedia":[{"embeddable":true,"href":"https:\/\/www.europesays.com\/pt\/wp-json\/wp\/v2\/media\/126055"}],"wp:attachment":[{"href":"https:\/\/www.europesays.com\/pt\/wp-json\/wp\/v2\/media?parent=126054"}],"wp:term":[{"taxonomy":"category","embeddable":true,"href":"https:\/\/www.europesays.com\/pt\/wp-json\/wp\/v2\/categories?post=126054"},{"taxonomy":"post_tag","embeddable":true,"href":"https:\/\/www.europesays.com\/pt\/wp-json\/wp\/v2\/tags?post=126054"}],"curies":[{"name":"wp","href":"https:\/\/api.w.org\/{rel}","templated":true}]}}