{"id":126060,"date":"2025-10-25T17:54:24","date_gmt":"2025-10-25T17:54:24","guid":{"rendered":"https:\/\/www.europesays.com\/pt\/126060\/"},"modified":"2025-10-25T17:54:24","modified_gmt":"2025-10-25T17:54:24","slug":"alemanha-prepara-se-para-emergencia-com-exercicio-de-grande-escala","status":"publish","type":"post","link":"https:\/\/www.europesays.com\/pt\/126060\/","title":{"rendered":"Alemanha prepara-se para emerg\u00eancia com exerc\u00edcio de grande escala"},"content":{"rendered":"<p class=\"wp-caption-text top\">Bundeswehr\/Dirk Bannert<\/p>\n<p><img decoding=\"async\" loading=\"lazy\" class=\"size-kopa-image-size-3 wp-image-707711\" src=\"https:\/\/www.europesays.com\/pt\/wp-content\/uploads\/2025\/10\/354b4ea2a961d1716e3e44a99ad6940c-783x450.jpg\" alt=\"\" width=\"700\" height=\"402\"  \/><\/p>\n<p><strong>For\u00e7as Armadas iniciaram o exerc\u00edcio na Baviera. \u00c9 um treino de opera\u00e7\u00f5es de defesa para um cen\u00e1rio de guerra.<\/strong><\/p>\n<p>A Bundeswehr deu in\u00edcio a um vasto exerc\u00edcio militar, o <strong>\u201cMarshal Power\u201d.<\/strong> A Bundeswehr \u00e9 a organiza\u00e7\u00e3o que rege as<strong> For\u00e7as Armadas da Alemanha<\/strong>.<\/p>\n<p>O<strong> exerc\u00edcio de grande escala \u00e9 uma prepara\u00e7\u00e3o para um estado de emerg\u00eancia<\/strong>, resume o <a href=\"https:\/\/www.welt.de\/politik\/deutschland\/article68f88a72c008edcf0c84fb95\/bundeswehr-startet-uebung-marshal-power-soldaten-simulieren-kaempfe-in-bayern.html\" data-wpel-link=\"external\" target=\"_blank\" rel=\"nofollow external noopener noreferrer\" class=\"ext-link\">Die Welt<\/a>.<\/p>\n<p>A prepara\u00e7\u00e3o decorre at\u00e9 \u00e0 pr\u00f3xima semana, dia 29 de outubro, no sul e no leste da <strong>Baviera.<\/strong> Envolve 500 soldados da pol\u00edcia militar alem\u00e3 (Feldj\u00e4ger) e 300 elementos civis de apoio, incluindo pol\u00edcias, bombeiros e equipas de resgate.<\/p>\n<p>As manobras servem para<strong> treinar opera\u00e7\u00f5es de defesa em cen\u00e1rio de guerra<\/strong> \u2013 sobretudo em \u00e1reas<strong> \u201catr\u00e1s da linha da frente\u201d<\/strong> \u2013 fora dos tradicionais campos de treino militares.<\/p>\n<p>Durante os exerc\u00edcios, os militares e as for\u00e7as civis praticam a resposta a amea\u00e7as como drones, sabotagens e ataques de grupos armados n\u00e3o estatais, <strong>simulando a defesa de um Estado-membro da NATO sob ataque.<\/strong><\/p>\n<p>V\u00e3o ser testados v\u00e1rios <strong>contextos:<\/strong> investiga\u00e7\u00e3o a locais de combate, controlo de tr\u00e1fego, a dete\u00e7\u00e3o de dep\u00f3sitos de armas, o combate ao tr\u00e1fico ilegal e a prote\u00e7\u00e3o de infraestruturas cr\u00edticas \u2014 incluindo o desativado reator nuclear Isar 2.<\/p>\n<p>O exerc\u00edcio ganha especial relevo no contexto da atual situa\u00e7\u00e3o de seguran\u00e7a na Europa, marcada pela <a href=\"https:\/\/zap.aeiou.pt\/thread\/guerra-na-ucrania\" data-wpel-link=\"internal\" rel=\"nofollow noopener\" target=\"_blank\">guerra na Ucr\u00e2nia<\/a>. Segundo a Bundeswehr, o objetivo \u00e9 refor\u00e7ar a coopera\u00e7\u00e3o entre for\u00e7as militares e civis e melhorar a capacidade de resposta do pa\u00eds em caso de agress\u00e3o.<\/p>\n<p>As a\u00e7\u00f5es decorrem em 12 distritos a nordeste de Munique, com destaque para Landshut, Regensburg, Deggendorf e Ingolstadt.<\/p>\n<p>Durante as pr\u00f3ximas semanas, os habitantes das regi\u00f5es envolvidas poder\u00e3o cruzar-se com soldados armados e ve\u00edculos militares em estradas ou localidades.<\/p>\n<p>A Bundeswehr alerta para poss\u00edveis perturba\u00e7\u00f5es no tr\u00e2nsito e pede \u00e0 popula\u00e7\u00e3o que siga as instru\u00e7\u00f5es das for\u00e7as no terreno e respeite eventuais restri\u00e7\u00f5es ou desvios.<\/p>\n<p>    <a href=\"https:\/\/zap.aeiou.pt\/subscrever-newsletter\" data-wpel-link=\"internal\" rel=\"nofollow noopener\" target=\"_blank\">&#13;<br \/>\n        <img loading=\"lazy\" decoding=\"async\" class=\"aligncenter size-full wp-image-575475\" src=\"https:\/\/www.europesays.com\/pt\/wp-content\/uploads\/2025\/10\/1759862234_971_2d51fe4a0ba54894421ead1809309ed9-1-450x140.jpg\" alt=\"Subscreva a Newsletter ZAP\" width=\"450\" height=\"140\"\/>&#13;<br \/>\n    <\/a><\/p>\n<p>                <a href=\"https:\/\/whatsapp.com\/channel\/0029VaIC4EE2f3EJZPPSbR34\" data-wpel-link=\"external\" target=\"_blank\" rel=\"nofollow external noopener noreferrer\" class=\"ext-link\">&#13;<br \/>\n                    <img loading=\"lazy\" decoding=\"async\" class=\"aligncenter size-full wp-image-575475\" src=\"https:\/\/www.europesays.com\/pt\/wp-content\/uploads\/2025\/10\/1759862234_512_c68c559d956d4ca20f435ed74a6e71e6.png\" alt=\"Siga-nos no WhatsApp\" width=\"175\" height=\"64\"\/>&#13;<br \/>\n                <\/a><\/p>\n<p>                <a href=\"https:\/\/news.google.com\/publications\/CAAiEHRwZondIV71PDjWNoqMduEqFAgKIhB0cGaJ3SFe9Tw41jaKjHbh?hl=en-US&amp;gl=US&amp;ceid=US%3Aen\" data-wpel-link=\"external\" target=\"_blank\" rel=\"nofollow external noopener noreferrer\" class=\"ext-link\">&#13;<br \/>\n                    <img loading=\"lazy\" decoding=\"async\" class=\"aligncenter size-full wp-image-575475\" src=\"https:\/\/www.europesays.com\/pt\/wp-content\/uploads\/2025\/10\/1759862235_242_5123dd8b087b644fdb8f8603acd1bad4.png\" alt=\"Siga-nos no Google News\" width=\"176\" height=\"64\"\/>&#13;<br \/>\n                <\/a><\/p>\n","protected":false},"excerpt":{"rendered":"Bundeswehr\/Dirk Bannert For\u00e7as Armadas iniciaram o exerc\u00edcio na Baviera. \u00c9 um treino de opera\u00e7\u00f5es de defesa para um&hellip;\n","protected":false},"author":2,"featured_media":126061,"comment_status":"","ping_status":"","sticky":false,"template":"","format":"standard","meta":{"footnotes":""},"categories":[50],"tags":[1305,27,28,2537,15,16,14,25,26,21,22,62,12,13,19,20,23,24,17,18,29,30,31,63,64,65],"class_list":{"0":"post-126060","1":"post","2":"type-post","3":"status-publish","4":"format-standard","5":"has-post-thumbnail","7":"category-mundo","8":"tag-alemanha","9":"tag-breaking-news","10":"tag-breakingnews","11":"tag-defesa","12":"tag-featured-news","13":"tag-featurednews","14":"tag-headlines","15":"tag-latest-news","16":"tag-latestnews","17":"tag-main-news","18":"tag-mainnews","19":"tag-mundo","20":"tag-news","21":"tag-noticias","22":"tag-noticias-principais","23":"tag-noticiasprincipais","24":"tag-principais-noticias","25":"tag-principaisnoticias","26":"tag-top-stories","27":"tag-topstories","28":"tag-ultimas","29":"tag-ultimas-noticias","30":"tag-ultimasnoticias","31":"tag-world","32":"tag-world-news","33":"tag-worldnews"},"share_on_mastodon":{"url":"https:\/\/pubeurope.com\/@pt\/115436091288908154","error":""},"_links":{"self":[{"href":"https:\/\/www.europesays.com\/pt\/wp-json\/wp\/v2\/posts\/126060","targetHints":{"allow":["GET"]}}],"collection":[{"href":"https:\/\/www.europesays.com\/pt\/wp-json\/wp\/v2\/posts"}],"about":[{"href":"https:\/\/www.europesays.com\/pt\/wp-json\/wp\/v2\/types\/post"}],"author":[{"embeddable":true,"href":"https:\/\/www.europesays.com\/pt\/wp-json\/wp\/v2\/users\/2"}],"replies":[{"embeddable":true,"href":"https:\/\/www.europesays.com\/pt\/wp-json\/wp\/v2\/comments?post=126060"}],"version-history":[{"count":0,"href":"https:\/\/www.europesays.com\/pt\/wp-json\/wp\/v2\/posts\/126060\/revisions"}],"wp:featuredmedia":[{"embeddable":true,"href":"https:\/\/www.europesays.com\/pt\/wp-json\/wp\/v2\/media\/126061"}],"wp:attachment":[{"href":"https:\/\/www.europesays.com\/pt\/wp-json\/wp\/v2\/media?parent=126060"}],"wp:term":[{"taxonomy":"category","embeddable":true,"href":"https:\/\/www.europesays.com\/pt\/wp-json\/wp\/v2\/categories?post=126060"},{"taxonomy":"post_tag","embeddable":true,"href":"https:\/\/www.europesays.com\/pt\/wp-json\/wp\/v2\/tags?post=126060"}],"curies":[{"name":"wp","href":"https:\/\/api.w.org\/{rel}","templated":true}]}}