{"id":126062,"date":"2025-10-25T17:55:23","date_gmt":"2025-10-25T17:55:23","guid":{"rendered":"https:\/\/www.europesays.com\/pt\/126062\/"},"modified":"2025-10-25T17:55:23","modified_gmt":"2025-10-25T17:55:23","slug":"professor-da-faculdade-de-medicina-suspenso-por-assedio-observador","status":"publish","type":"post","link":"https:\/\/www.europesays.com\/pt\/126062\/","title":{"rendered":"Professor da Faculdade de Medicina suspenso por ass\u00e9dio \u2013 Observador"},"content":{"rendered":"<p>A Faculdade de Medicina da Universidade do Porto (FMUP) suspendeu preventivamente um professor daquela institui\u00e7\u00e3o ap\u00f3s tomar conhecimento de queixas de alunas que o acusam de importuna\u00e7\u00e3o em redes sociais.<\/p>\n<p>\u201cO diretor da FMUP [Altamiro da Costa Pereira] determinou a suspens\u00e3o preventiva e imediata do docente em causa e iniciar\u00e1, logo que poss\u00edvel, os procedimentos necess\u00e1rios, visando o apuramento integral dos factos e a consequente tomada de decis\u00f5es quanto ao futuro deste docente na institui\u00e7\u00e3o\u201d, l\u00ea-se numa resposta enviada, por escrito, \u00e0 Lusa, ap\u00f3s questionada sobre um caso de alegado ass\u00e9dio em redes sociais por parte de um docente.<\/p>\n<p>Tamb\u00e9m em resposta \u00e0 Lusa, por mensagem escrita, o professor em quest\u00e3o garante que \u201cnunca assediou ningu\u00e9m pessoalmente ou atrav\u00e9s de meios digitais\u201d.<\/p>\n<p>\u201cGostaria de esclarecer, de forma inequ\u00edvoca, que nunca assediei ningu\u00e9m, seja pessoalmente ou atrav\u00e9s de meios digitais. Trata-se de uma caso de roubo de identidade. Nunca enviei qualquer mensagem e irei apresentar participa\u00e7\u00e3o \u00e0s autoridades competentes\u201d, l\u00ea-se na mensagem enviada \u00e0 Lusa por SMS.<\/p>\n<p>Um grupo de alunas da Universidade do Porto (U.Porto) alega estar a ser importunada e perseguida digitalmente por um professor da FMUP e enviou uma queixa \u00e0 Reitoria da Universidade do Porto, alegando \u201cimportuna\u00e7\u00e3o em redes sociais\u201d.<\/p>\n<p>Fonte oficial da reitoria confirmou \u00e0 Lusa que a queixa contra um professor daquela institui\u00e7\u00e3o de ensino superior deu \u201centrada nas servi\u00e7os jur\u00eddicos\u201d esta sexta-feira, dia 24.<\/p>\n<p>\u00c0 Lusa, o grupo de alunas da U.Porto que fez a denuncia, conta que o professor da FMUP as segue nas redes sociais, coloca \u2018likes\u2019 (gosto) em fotos privadas, interage com as \u2018stories\u2019 (hist\u00f3rias em v\u00eddeo partilhadas) e manda mensagens inoportunas\u201d.<\/p>\n<p>\u201cA a\u00e7\u00e3o transcende a FMUP. Alunas de outras faculdades relatam casos semelhantes. No nosso caso temos entre 17 e 22 anos e, ap\u00f3s compara\u00e7\u00e3o, verificamos mensagens iguais do referido m\u00e9dico a seis colegas e no mesmo dia (\u2026) Algumas de n\u00f3s ach\u00e1vamos ser uma rede de uso profissional pelo conte\u00fado publicado, mas quando nos segue, p\u00f5e \u2018likes\u2019, segue \u2018stories\u2019, coloca cora\u00e7\u00f5es e manda mensagens a dizer que \u00e9 cirurgi\u00e3o e professor parece-nos grave e inoportuno\u201d.<\/p>\n<p>Face \u00e0 \u201cgravidade das situa\u00e7\u00f5es relatadas\u201d, o diretor da FMUP determinou a suspens\u00e3o preventiva e imediata do docente em causa.<\/p>\n<p>A FMUP sublinha, contudo, que at\u00e9 ao dia de hoje a \u201cdire\u00e7\u00e3o da FMUP, a dire\u00e7\u00e3o do Departamento em que o docente exerce fun\u00e7\u00f5es, o respetivo superior hier\u00e1rquico e a Associa\u00e7\u00e3o de Estudantes da FMUP n\u00e3o tinham recebido qualquer queixa formal, ou sequer informa\u00e7\u00f5es informais, relativamente ao comportamento deste colaborador\u201d.<\/p>\n<p>A FMUP assegura que \u201ctodas as den\u00fancias de comportamentos inapropriados s\u00e3o tratadas com a m\u00e1xima seriedade e rigor, independentemente da forma como chegam ao conhecimento da institui\u00e7\u00e3o\u201d.<\/p>\n<p>\u201cA FMUP reitera a sua total condena\u00e7\u00e3o de qualquer forma de ass\u00e9dio, discrimina\u00e7\u00e3o, intimida\u00e7\u00e3o, retalia\u00e7\u00e3o, viol\u00eancia f\u00edsica ou coa\u00e7\u00e3o moral, em linha com o C\u00f3digo de Conduta da Universidade do Porto e com os princ\u00edpios que regem a vida acad\u00e9mica. A Faculdade exprime solidariedade e apoio a todas as pessoas que se sintam afetadas por comportamentos desta natureza, nomeadamente \u00e0s denunciantes, e assegura o seu compromisso em garantir que disp\u00f5em de acompanhamento institucional adequado durante o processo de apuramento\u201d.<\/p>\n<p>Fonte da Reitoria da U.Porto adiantou \u00e0 Lusa que agora o procedimento habitual de qualquer denuncia \u00e9 remeter ao diretor da Faculdade a queixa, porque \u00e9 a pessoa com \u201cpoder disciplinar sobre os elementos da sua faculdade\u201d, referindo que o caso poder\u00e1 seguir para \u201ceventual inqu\u00e9rito\u201d.<\/p>\n<p>As alunas da U.Porto, que n\u00e3o querem dar o nome verdadeiro, porque dizem ter \u201cmedo de repres\u00e1lias na U.Porto, na Ordem dos M\u00e9dicos ou na Justi\u00e7a\u201d, acrescentam que o m\u00e9dico e professor orienta \u201cdiversas disserta\u00e7\u00f5es\u201d e que \u00e9 \u201cpresidente da distrital da Ordem dos M\u00e9dicos de Braga\u201d.<\/p>\n<p>O \u201cm\u00e9dico e professor segue muitas mulheres e, outras, mais velhas queixam-se de igual forma de serem importunadas e perseguidas digitalmente, at\u00e9 porque falamos entre n\u00f3s num grupo com mais de 200 mulheres. Cremos ser uma a\u00e7\u00e3o reiterada, h\u00e1 casos de mensagens iguais enviadas \u00e0 mesma hora e inadequadas (\u2026) Ap\u00f3s falarmos entre n\u00f3s verificamos que faz o mesmo com outras mulheres e interage em fotos de crian\u00e7as e envia mensagens\u201d.<\/p>\n<p>                    <strong>Tem um minuto?<\/strong><br \/>O Observador est\u00e1 a realizar junto dos seus leitores um curto estudo de apenas quatro perguntas. <a href=\"https:\/\/observador.typeform.com\/to\/DnJJ0FZQ\" target=\"_blank\" style=\"text-decoration: underline; color:#262626;\" rel=\"nofollow noopener\">Responda aqui<\/a>.<\/p>\n","protected":false},"excerpt":{"rendered":"A Faculdade de Medicina da Universidade do Porto (FMUP) suspendeu preventivamente um professor daquela institui\u00e7\u00e3o ap\u00f3s tomar conhecimento&hellip;\n","protected":false},"author":2,"featured_media":126063,"comment_status":"","ping_status":"","sticky":false,"template":"","format":"standard","meta":{"footnotes":""},"categories":[10],"tags":[2674,27,28,604,2023,15,16,14,300,25,26,21,22,12,13,19,20,57,462,32,23,24,33,58,17,18,299,29,30,31,17521,540],"class_list":{"0":"post-126062","1":"post","2":"type-post","3":"status-publish","4":"format-standard","5":"has-post-thumbnail","7":"category-portugal","8":"tag-assu00e9dio-sexual","9":"tag-breaking-news","10":"tag-breakingnews","11":"tag-crime","12":"tag-educau00e7u00e3o","13":"tag-featured-news","14":"tag-featurednews","15":"tag-headlines","16":"tag-justiu00e7a","17":"tag-latest-news","18":"tag-latestnews","19":"tag-main-news","20":"tag-mainnews","21":"tag-news","22":"tag-noticias","23":"tag-noticias-principais","24":"tag-noticiasprincipais","25":"tag-pau00eds","26":"tag-porto","27":"tag-portugal","28":"tag-principais-noticias","29":"tag-principaisnoticias","30":"tag-pt","31":"tag-sociedade","32":"tag-top-stories","33":"tag-topstories","34":"tag-tribunal","35":"tag-ultimas","36":"tag-ultimas-noticias","37":"tag-ultimasnoticias","38":"tag-universidade-do-porto","39":"tag-universidades"},"share_on_mastodon":{"url":"","error":"Validation failed: Text character limit of 500 exceeded"},"_links":{"self":[{"href":"https:\/\/www.europesays.com\/pt\/wp-json\/wp\/v2\/posts\/126062","targetHints":{"allow":["GET"]}}],"collection":[{"href":"https:\/\/www.europesays.com\/pt\/wp-json\/wp\/v2\/posts"}],"about":[{"href":"https:\/\/www.europesays.com\/pt\/wp-json\/wp\/v2\/types\/post"}],"author":[{"embeddable":true,"href":"https:\/\/www.europesays.com\/pt\/wp-json\/wp\/v2\/users\/2"}],"replies":[{"embeddable":true,"href":"https:\/\/www.europesays.com\/pt\/wp-json\/wp\/v2\/comments?post=126062"}],"version-history":[{"count":0,"href":"https:\/\/www.europesays.com\/pt\/wp-json\/wp\/v2\/posts\/126062\/revisions"}],"wp:featuredmedia":[{"embeddable":true,"href":"https:\/\/www.europesays.com\/pt\/wp-json\/wp\/v2\/media\/126063"}],"wp:attachment":[{"href":"https:\/\/www.europesays.com\/pt\/wp-json\/wp\/v2\/media?parent=126062"}],"wp:term":[{"taxonomy":"category","embeddable":true,"href":"https:\/\/www.europesays.com\/pt\/wp-json\/wp\/v2\/categories?post=126062"},{"taxonomy":"post_tag","embeddable":true,"href":"https:\/\/www.europesays.com\/pt\/wp-json\/wp\/v2\/tags?post=126062"}],"curies":[{"name":"wp","href":"https:\/\/api.w.org\/{rel}","templated":true}]}}