{"id":126066,"date":"2025-10-25T17:58:21","date_gmt":"2025-10-25T17:58:21","guid":{"rendered":"https:\/\/www.europesays.com\/pt\/126066\/"},"modified":"2025-10-25T17:58:21","modified_gmt":"2025-10-25T17:58:21","slug":"bokor-edificio-lage-faz-100-anos-e-ganha-coletivo-de-arte-na-cobertura","status":"publish","type":"post","link":"https:\/\/www.europesays.com\/pt\/126066\/","title":{"rendered":"Bokor: Edif\u00edcio Lage faz 100 anos e ganha coletivo de arte na cobertura"},"content":{"rendered":"<p>\t\t\t\t\t\t                                \u00a0(Rafael Bokor\/Divulga\u00e7\u00e3o)<\/p>\n<p>                                    Continua ap\u00f3s publicidade<\/p>\n<p>    <img loading=\"lazy\" decoding=\"async\" alt=\"dasfds\" class=\"aligncenter size-large wp-image-464976\" src=\"https:\/\/www.europesays.com\/pt\/wp-content\/uploads\/2025\/10\/IMG_7345.jpeg\" border=\"0\" title=\"\" width=\"650\" height=\"490\" data-restrict=\"false\" data-portal-copyright=\"Rafael Bokor\" data-image-caption=\"\" data-image-title=\"\" data-image-source=\"Divulga\u00e7\u00e3o\"\/><br \/>\n     \u2013 (Rafael Bokor\/Divulga\u00e7\u00e3o)<\/p>\n<p>    <img loading=\"lazy\" decoding=\"async\" alt=\"asdfas\" class=\"aligncenter size-large wp-image-464975\" src=\"https:\/\/www.europesays.com\/pt\/wp-content\/uploads\/2025\/10\/IMG_7346.jpeg\" border=\"0\" title=\"\" width=\"650\" height=\"488\" data-restrict=\"false\" data-portal-copyright=\"Rafael Bokor\" data-image-caption=\"\" data-image-title=\"\" data-image-source=\"Divulga\u00e7\u00e3o\"\/><br \/>\n     \u2013 (Rafael Bokor\/Divulga\u00e7\u00e3o)<\/p>\n<p>    <img loading=\"lazy\" decoding=\"async\" alt=\"fasdfas\" class=\"aligncenter size-large wp-image-464974\" src=\"https:\/\/www.europesays.com\/pt\/wp-content\/uploads\/2025\/10\/IMG_7347.jpeg\" border=\"0\" title=\"\" width=\"650\" height=\"488\" data-restrict=\"false\" data-portal-copyright=\"Rafael Bokor\" data-image-caption=\"\" data-image-title=\"\" data-image-source=\"Divulga\u00e7\u00e3o\"\/><br \/>\n     \u2013 (Rafael Bokor\/Divulga\u00e7\u00e3o)<\/p>\n<p>    <img loading=\"lazy\" decoding=\"async\" alt=\"asfsd\" class=\"aligncenter size-large wp-image-464973\" src=\"https:\/\/www.europesays.com\/pt\/wp-content\/uploads\/2025\/10\/IMG_7348.jpeg\" border=\"0\" title=\"\" width=\"650\" height=\"488\" data-restrict=\"false\" data-portal-copyright=\"Rafael Bokor\" data-image-caption=\"\" data-image-title=\"\" data-image-source=\"Divulga\u00e7\u00e3o\"\/><br \/>\n     \u2013 (Rafael Bokor\/Divulga\u00e7\u00e3o)<\/p>\n<p>Projetado por Ricardo Buffa e constru\u00eddo por Henrique Lage (1881\u20131941) \u2014 o \u00faltimo dono do Parque Lage, no Jardim Bot\u00e2nico \u2014, o pr\u00e9dio impressionou \u00e0 \u00e9poca pela fachada luxuosa e pela altura. Em 1925, apenas o Edif\u00edcio Guinle (atual Edif\u00edcio Praia do Flamengo), no Flamengo, tinha mais de oito andares sendo residencial.<\/p>\n<p>    <img loading=\"lazy\" decoding=\"async\" alt=\"fasdfs\" class=\"aligncenter size-large wp-image-464972\" src=\"https:\/\/www.europesays.com\/pt\/wp-content\/uploads\/2025\/10\/IMG_7349.jpeg\" border=\"0\" title=\"\" width=\"650\" height=\"488\" data-restrict=\"false\" data-portal-copyright=\"Rafael Bokor\" data-image-caption=\"\" data-image-title=\"\" data-image-source=\"Divulga\u00e7\u00e3o\"\/><br \/>\n     \u2013 (Rafael Bokor\/Divulga\u00e7\u00e3o)<\/p>\n<p>    Continua ap\u00f3s a publicidade<\/p>\n<p>    <img loading=\"lazy\" decoding=\"async\" alt=\"dasasdz\" class=\"aligncenter size-large wp-image-464971\" src=\"https:\/\/www.europesays.com\/pt\/wp-content\/uploads\/2025\/10\/IMG_7350.jpeg\" border=\"0\" title=\"\" width=\"650\" height=\"488\" data-restrict=\"false\" data-portal-copyright=\"Rafael Bokor\" data-image-caption=\"\" data-image-title=\"\" data-image-source=\"Divulga\u00e7\u00e3o\"\/><br \/>\n     \u2013 (Rafael Bokor\/Divulga\u00e7\u00e3o)<\/p>\n<p>    <img loading=\"lazy\" decoding=\"async\" alt=\"as\" class=\"aligncenter size-large wp-image-464970\" src=\"https:\/\/www.europesays.com\/pt\/wp-content\/uploads\/2025\/10\/IMG_7351.jpeg\" border=\"0\" title=\"\" width=\"650\" height=\"488\" data-restrict=\"false\" data-portal-copyright=\"Rafael Bokor\" data-image-caption=\"\" data-image-title=\"\" data-image-source=\"Divulga\u00e7\u00e3o\"\/><br \/>\n     \u2013 (Rafael Bokor\/Divulga\u00e7\u00e3o)<\/p>\n<p>O Edif\u00edcio Lage possui oito andares e dois apartamentos de quatro quartos por pavimento. O estilo ecl\u00e9tico \u00e9 evidenciado pelas colunas da fachada, pelas sacadas e pelos dois elevadores originais, com caixas de ferro aparentes e cercados por uma escada monumental.<\/p>\n<p>    <img loading=\"lazy\" decoding=\"async\" alt=\"fsd\" class=\"aligncenter size-large wp-image-464969\" src=\"https:\/\/www.europesays.com\/pt\/wp-content\/uploads\/2025\/10\/IMG_7352.jpeg\" border=\"0\" title=\"\" width=\"650\" height=\"488\" data-restrict=\"false\" data-portal-copyright=\"Rafael Bokor\" data-image-caption=\"\" data-image-title=\"\" data-image-source=\"Divulga\u00e7\u00e3o\"\/><br \/>\n     \u2013 (Rafael Bokor\/Divulga\u00e7\u00e3o)<\/p>\n<p>    Continua ap\u00f3s a publicidade<\/p>\n<p>    <img loading=\"lazy\" decoding=\"async\" alt=\"dsfsd\" class=\"aligncenter size-large wp-image-464968\" src=\"https:\/\/www.europesays.com\/pt\/wp-content\/uploads\/2025\/10\/IMG_7353.jpeg\" border=\"0\" title=\"\" width=\"650\" height=\"488\" data-restrict=\"false\" data-portal-copyright=\"Rafael Bokor\" data-image-caption=\"\" data-image-title=\"\" data-image-source=\"Divulga\u00e7\u00e3o\"\/><br \/>\n     \u2013 (Rafael Bokor\/Divulga\u00e7\u00e3o)<\/p>\n<p>    <img loading=\"lazy\" decoding=\"async\" alt=\"jglh\" class=\"aligncenter size-large wp-image-464967\" src=\"https:\/\/www.europesays.com\/pt\/wp-content\/uploads\/2025\/10\/IMG_7354.jpeg\" border=\"0\" title=\"\" width=\"650\" height=\"488\" data-restrict=\"false\" data-portal-copyright=\"Rafael Bokor\" data-image-caption=\"\" data-image-title=\"\" data-image-source=\"Divulga\u00e7\u00e3o\"\/><br \/>\n     \u2013 (Rafael Bokor\/Divulga\u00e7\u00e3o)<\/p>\n<p>Em uma das duas coberturas duplex funciona, desde 2025, o 1\/4 Coletivo de Arte (@umquarto_coletivodearte) \u2014 um espa\u00e7o de arte, trabalho e conviv\u00eancia ocupado pelas artistas Ana Baduy, Isa de Cnop e Regina Dardillac.<\/p>\n<p>No apartamento acontecem produ\u00e7\u00f5es e vendas de cer\u00e2micas, clube do livro, ateli\u00ea de pintura e antiqu\u00e1rio. O terra\u00e7o, com uma vista incr\u00edvel, pode ser alugado para pequenos eventos como exposi\u00e7\u00f5es, desfiles, aulas, jantares e afins.<\/p>\n<p>    Continua ap\u00f3s a publicidade<\/p>\n<p>    <img loading=\"lazy\" decoding=\"async\" alt=\"hkj\" class=\"aligncenter size-large wp-image-464966\" src=\"https:\/\/www.europesays.com\/pt\/wp-content\/uploads\/2025\/10\/IMG_7355.jpeg\" border=\"0\" title=\"\" width=\"650\" height=\"488\" data-restrict=\"false\" data-portal-copyright=\"Rafael Bokor\" data-image-caption=\"\" data-image-title=\"\" data-image-source=\"Divulga\u00e7\u00e3o\"\/><br \/>\n     \u2013 (Rafael Bokor\/Divulga\u00e7\u00e3o)<\/p>\n<p>    <img loading=\"lazy\" decoding=\"async\" alt=\"gg\" class=\"aligncenter size-large wp-image-464965\" src=\"https:\/\/www.europesays.com\/pt\/wp-content\/uploads\/2025\/10\/IMG_7356.jpeg\" border=\"0\" title=\"\" width=\"650\" height=\"488\" data-restrict=\"false\" data-portal-copyright=\"Rafael Bokor\" data-image-caption=\"\" data-image-title=\"\" data-image-source=\"Divulga\u00e7\u00e3o\"\/><br \/>\n     \u2013 (Rafael Bokor\/Divulga\u00e7\u00e3o)<\/p>\n<p>    <img loading=\"lazy\" decoding=\"async\" alt=\"fasd\" class=\"aligncenter size-large wp-image-464964\" src=\"https:\/\/www.europesays.com\/pt\/wp-content\/uploads\/2025\/10\/IMG_7357.jpeg\" border=\"0\" title=\"\" width=\"650\" height=\"490\" data-restrict=\"false\" data-portal-copyright=\"Rafael Bokor\" data-image-caption=\"\" data-image-title=\"\" data-image-source=\"Divulga\u00e7\u00e3o\"\/><br \/>\n     \u2013 (Rafael Bokor\/Divulga\u00e7\u00e3o)<\/p>\n<p>A cobertura hoje ocupada pelo coletivo pertenceu por anos ao casal Henrique Lage e Gabriella Besanzoni. O Edif\u00edcio Lage est\u00e1 registrado no livro \u201cRio \u2013 Casas &amp; Pr\u00e9dios Antigos, Volume 2\u201d e integra o roteiro do Tour Casas &amp; Pr\u00e9dios Antigos da Gl\u00f3ria.<\/p>\n<p>    Continua ap\u00f3s a publicidade<\/p>\n<p>\u00cdcone da arquitetura carioca, o Lage \u00e9 uma das maiores refer\u00eancias hist\u00f3ricas e est\u00e9ticas do Rio de Janeiro.<\/p>\n<p>\u00a0<\/p>\n","protected":false},"excerpt":{"rendered":"\u00a0(Rafael Bokor\/Divulga\u00e7\u00e3o) Continua ap\u00f3s publicidade \u2013 (Rafael Bokor\/Divulga\u00e7\u00e3o) \u2013 (Rafael Bokor\/Divulga\u00e7\u00e3o) \u2013 (Rafael Bokor\/Divulga\u00e7\u00e3o) \u2013 (Rafael Bokor\/Divulga\u00e7\u00e3o) Projetado&hellip;\n","protected":false},"author":2,"featured_media":126067,"comment_status":"","ping_status":"","sticky":false,"template":"","format":"standard","meta":{"footnotes":""},"categories":[144],"tags":[207,205,206,203,201,202,204,114,115,32,33],"class_list":{"0":"post-126066","1":"post","2":"type-post","3":"status-publish","4":"format-standard","5":"has-post-thumbnail","7":"category-arte-e-design","8":"tag-arte","9":"tag-arte-e-design","10":"tag-artedesign","11":"tag-arts","12":"tag-arts-and-design","13":"tag-artsanddesign","14":"tag-design","15":"tag-entertainment","16":"tag-entretenimento","17":"tag-portugal","18":"tag-pt"},"share_on_mastodon":{"url":"https:\/\/pubeurope.com\/@pt\/115436107204414220","error":""},"_links":{"self":[{"href":"https:\/\/www.europesays.com\/pt\/wp-json\/wp\/v2\/posts\/126066","targetHints":{"allow":["GET"]}}],"collection":[{"href":"https:\/\/www.europesays.com\/pt\/wp-json\/wp\/v2\/posts"}],"about":[{"href":"https:\/\/www.europesays.com\/pt\/wp-json\/wp\/v2\/types\/post"}],"author":[{"embeddable":true,"href":"https:\/\/www.europesays.com\/pt\/wp-json\/wp\/v2\/users\/2"}],"replies":[{"embeddable":true,"href":"https:\/\/www.europesays.com\/pt\/wp-json\/wp\/v2\/comments?post=126066"}],"version-history":[{"count":0,"href":"https:\/\/www.europesays.com\/pt\/wp-json\/wp\/v2\/posts\/126066\/revisions"}],"wp:featuredmedia":[{"embeddable":true,"href":"https:\/\/www.europesays.com\/pt\/wp-json\/wp\/v2\/media\/126067"}],"wp:attachment":[{"href":"https:\/\/www.europesays.com\/pt\/wp-json\/wp\/v2\/media?parent=126066"}],"wp:term":[{"taxonomy":"category","embeddable":true,"href":"https:\/\/www.europesays.com\/pt\/wp-json\/wp\/v2\/categories?post=126066"},{"taxonomy":"post_tag","embeddable":true,"href":"https:\/\/www.europesays.com\/pt\/wp-json\/wp\/v2\/tags?post=126066"}],"curies":[{"name":"wp","href":"https:\/\/api.w.org\/{rel}","templated":true}]}}