{"id":126078,"date":"2025-10-25T18:09:19","date_gmt":"2025-10-25T18:09:19","guid":{"rendered":"https:\/\/www.europesays.com\/pt\/126078\/"},"modified":"2025-10-25T18:09:19","modified_gmt":"2025-10-25T18:09:19","slug":"aviso-laranja-de-mau-tempo-em-cinco-distritos","status":"publish","type":"post","link":"https:\/\/www.europesays.com\/pt\/126078\/","title":{"rendered":"Aviso laranja de mau tempo em cinco distritos"},"content":{"rendered":"<p data-remotead-prev-elm=\"true\" data-remotead-elm-id=\"inread\">Estes cinco distritos passam assim a estar sob aviso laranja, o interm\u00e9dio numa escala de tr\u00eas, at\u00e9 \u00e0s 15 horas, per\u00edodo durante o qual est\u00e1 prevista<strong> &#8220;precipita\u00e7\u00e3o forte e persistente&#8221;<\/strong>.<\/p>\n<p>Sob aviso amarelo, o menos grave, continuam at\u00e9 \u00e0s 15 horas os distritos de Castelo Branco, Lisboa, Portalegre e Santar\u00e9m, por causa da chuva forte, enquanto no Porto este alerta terminou mais cedo, \u00e0s 12 horas.<\/p>\n<p>O estado do tempo em Portugal continental, em especial as regi\u00f5es do norte e centro, est\u00e1 a ser afetado pelos efeitos da depress\u00e3o Benjamim.<\/p>\n<p>Para este s\u00e1bado, o IPMA prev\u00ea c\u00e9u muito nublado ou encoberto, com precipita\u00e7\u00e3o por vezes forte e persistente nas regi\u00f5es Norte e Centro, sendo fraca no Baixo Alentejo e no Algarve. Aponta ainda para uma pequena descida da temperatura m\u00e1xima no Norte, no Centro e no Algarve.<\/p>\n","protected":false},"excerpt":{"rendered":"Estes cinco distritos passam assim a estar sob aviso laranja, o interm\u00e9dio numa escala de tr\u00eas, at\u00e9 \u00e0s&hellip;\n","protected":false},"author":2,"featured_media":126079,"comment_status":"","ping_status":"","sticky":false,"template":"","format":"standard","meta":{"footnotes":""},"categories":[10],"tags":[27,28,2139,15,16,14,350,25,26,21,22,619,12,13,19,20,32,23,24,33,17,18,29,30,31],"class_list":{"0":"post-126078","1":"post","2":"type-post","3":"status-publish","4":"format-standard","5":"has-post-thumbnail","7":"category-portugal","8":"tag-breaking-news","9":"tag-breakingnews","10":"tag-chuva","11":"tag-featured-news","12":"tag-featurednews","13":"tag-headlines","14":"tag-ipma","15":"tag-latest-news","16":"tag-latestnews","17":"tag-main-news","18":"tag-mainnews","19":"tag-nacional","20":"tag-news","21":"tag-noticias","22":"tag-noticias-principais","23":"tag-noticiasprincipais","24":"tag-portugal","25":"tag-principais-noticias","26":"tag-principaisnoticias","27":"tag-pt","28":"tag-top-stories","29":"tag-topstories","30":"tag-ultimas","31":"tag-ultimas-noticias","32":"tag-ultimasnoticias"},"share_on_mastodon":{"url":"https:\/\/pubeurope.com\/@pt\/115436149998091761","error":""},"_links":{"self":[{"href":"https:\/\/www.europesays.com\/pt\/wp-json\/wp\/v2\/posts\/126078","targetHints":{"allow":["GET"]}}],"collection":[{"href":"https:\/\/www.europesays.com\/pt\/wp-json\/wp\/v2\/posts"}],"about":[{"href":"https:\/\/www.europesays.com\/pt\/wp-json\/wp\/v2\/types\/post"}],"author":[{"embeddable":true,"href":"https:\/\/www.europesays.com\/pt\/wp-json\/wp\/v2\/users\/2"}],"replies":[{"embeddable":true,"href":"https:\/\/www.europesays.com\/pt\/wp-json\/wp\/v2\/comments?post=126078"}],"version-history":[{"count":0,"href":"https:\/\/www.europesays.com\/pt\/wp-json\/wp\/v2\/posts\/126078\/revisions"}],"wp:featuredmedia":[{"embeddable":true,"href":"https:\/\/www.europesays.com\/pt\/wp-json\/wp\/v2\/media\/126079"}],"wp:attachment":[{"href":"https:\/\/www.europesays.com\/pt\/wp-json\/wp\/v2\/media?parent=126078"}],"wp:term":[{"taxonomy":"category","embeddable":true,"href":"https:\/\/www.europesays.com\/pt\/wp-json\/wp\/v2\/categories?post=126078"},{"taxonomy":"post_tag","embeddable":true,"href":"https:\/\/www.europesays.com\/pt\/wp-json\/wp\/v2\/tags?post=126078"}],"curies":[{"name":"wp","href":"https:\/\/api.w.org\/{rel}","templated":true}]}}