{"id":126082,"date":"2025-10-25T18:12:09","date_gmt":"2025-10-25T18:12:09","guid":{"rendered":"https:\/\/www.europesays.com\/pt\/126082\/"},"modified":"2025-10-25T18:12:09","modified_gmt":"2025-10-25T18:12:09","slug":"arquiteto-araranguaense-kadu-almeida-ganha-projecao-nacional-ao-apresentar-projeto-para-filippe-neto-ana-ferraz-e-pablo-marcal-no-palco-da-imersao-a-voz-que-vende-em-alphaville","status":"publish","type":"post","link":"https:\/\/www.europesays.com\/pt\/126082\/","title":{"rendered":"Arquiteto araranguaense Kadu Almeida ganha proje\u00e7\u00e3o nacional ao apresentar projeto para Filippe Neto, Ana Ferraz e Pablo Mar\u00e7al no palco da imers\u00e3o \u201cA Voz que Vende\u201d, em Alphaville \u2013 Barueri (SP)"},"content":{"rendered":"<p><a target=\"_blank\" href=\"https:\/\/www.abimarsupermercados.com.br\" rel=\"nofollow noopener\"><img decoding=\"async\" src=\"https:\/\/www.europesays.com\/pt\/wp-content\/uploads\/2025\/10\/20230803-abimarsupermercados.jpeg\" border=\"0\"\/><\/a><\/p>\n<p>O arquiteto Kadu Almeida, natural de Ararangu\u00e1 \u2013 Extremu Sul de Santa Catarina \u2013  conquistou destaque nacional ao subir no palco da imers\u00e3o \u201cA Voz que Vende\u201d, evento que reuniu mais de 600 pessoas em Alphaville \u2013 Barueri (SP).<\/p>\n<p>Durante o evento, Kadu apresentou um projeto desenvolvido especialmente para Filippe Neto, Ana Ferraz e Pablo Mar\u00e7al, tr\u00eas grandes nomes do empreendedorismo, do marketing e da influ\u00eancia digital no Brasil.<\/p>\n<p><a target=\"_blank\" href=\"https:\/\/www.instagram.com\/granrockmarmores\/\" rel=\"nofollow noopener\"><img decoding=\"async\" src=\"https:\/\/www.europesays.com\/pt\/wp-content\/uploads\/2025\/10\/20250526-banner-granrock.gif\" border=\"0\"\/><\/a><\/p>\n<p>Kadu Almeida vem mostrando que talento, f\u00e9 e prop\u00f3sito n\u00e3o conhecem fronteiras. Com um trabalho marcado por inova\u00e7\u00e3o, est\u00e9tica e ess\u00eancia, o arquiteto tem conquistado reconhecimento e espa\u00e7o em n\u00edvel nacional.<\/p>\n<p><strong>\u201cSou um arquiteto de uma cidade pequena, mas nunca duvidei do meu valor. Sempre acreditei que o tamanho do sonho \u00e9 medido pela coragem. Quem honra o dom, \u00e9 honrado diante dos grandes\u201d,<\/strong> destacou Kadu Almeida ao falar sobre o momento.<\/p>\n<p>A presen\u00e7a no palco da imers\u00e3o simboliza mais uma etapa de expans\u00e3o e reconhecimento em sua trajet\u00f3ria, refor\u00e7ando o poder da arquitetura como express\u00e3o de identidade e prop\u00f3sito.<\/p>\n<p>Com projetos autorais e uma vis\u00e3o que une t\u00e9cnica e prop\u00f3sito, Kadu Almeida segue levando o nome de Ararangu\u00e1 para novos horizontes, mostrando que quem acredita no que carrega transforma o imposs\u00edvel em destino.<\/p>\n<p>\t\t\t\t\t\t\t\t\t\t\t\t\t\t\t\t\t\t\t\t\t\t\t\t\t\t\t<script async src=\"\/\/www.instagram.com\/embed.js\"><\/script><\/p>\n","protected":false},"excerpt":{"rendered":"O arquiteto Kadu Almeida, natural de Ararangu\u00e1 \u2013 Extremu Sul de Santa Catarina \u2013 conquistou destaque nacional ao&hellip;\n","protected":false},"author":2,"featured_media":126083,"comment_status":"","ping_status":"","sticky":false,"template":"","format":"standard","meta":{"footnotes":""},"categories":[144],"tags":[207,205,206,203,201,202,204,114,115,32,33],"class_list":{"0":"post-126082","1":"post","2":"type-post","3":"status-publish","4":"format-standard","5":"has-post-thumbnail","7":"category-arte-e-design","8":"tag-arte","9":"tag-arte-e-design","10":"tag-artedesign","11":"tag-arts","12":"tag-arts-and-design","13":"tag-artsanddesign","14":"tag-design","15":"tag-entertainment","16":"tag-entretenimento","17":"tag-portugal","18":"tag-pt"},"share_on_mastodon":{"url":"https:\/\/pubeurope.com\/@pt\/115436161990240792","error":""},"_links":{"self":[{"href":"https:\/\/www.europesays.com\/pt\/wp-json\/wp\/v2\/posts\/126082","targetHints":{"allow":["GET"]}}],"collection":[{"href":"https:\/\/www.europesays.com\/pt\/wp-json\/wp\/v2\/posts"}],"about":[{"href":"https:\/\/www.europesays.com\/pt\/wp-json\/wp\/v2\/types\/post"}],"author":[{"embeddable":true,"href":"https:\/\/www.europesays.com\/pt\/wp-json\/wp\/v2\/users\/2"}],"replies":[{"embeddable":true,"href":"https:\/\/www.europesays.com\/pt\/wp-json\/wp\/v2\/comments?post=126082"}],"version-history":[{"count":0,"href":"https:\/\/www.europesays.com\/pt\/wp-json\/wp\/v2\/posts\/126082\/revisions"}],"wp:featuredmedia":[{"embeddable":true,"href":"https:\/\/www.europesays.com\/pt\/wp-json\/wp\/v2\/media\/126083"}],"wp:attachment":[{"href":"https:\/\/www.europesays.com\/pt\/wp-json\/wp\/v2\/media?parent=126082"}],"wp:term":[{"taxonomy":"category","embeddable":true,"href":"https:\/\/www.europesays.com\/pt\/wp-json\/wp\/v2\/categories?post=126082"},{"taxonomy":"post_tag","embeddable":true,"href":"https:\/\/www.europesays.com\/pt\/wp-json\/wp\/v2\/tags?post=126082"}],"curies":[{"name":"wp","href":"https:\/\/api.w.org\/{rel}","templated":true}]}}