{"id":126111,"date":"2025-10-25T18:39:24","date_gmt":"2025-10-25T18:39:24","guid":{"rendered":"https:\/\/www.europesays.com\/pt\/126111\/"},"modified":"2025-10-25T18:39:24","modified_gmt":"2025-10-25T18:39:24","slug":"ha-chuvas-de-macacos-na-florida-tudo-comecou-com-um-guia-turistico-na-decada-de-1930","status":"publish","type":"post","link":"https:\/\/www.europesays.com\/pt\/126111\/","title":{"rendered":"H\u00e1 &#8220;chuvas de macacos&#8221; na Fl\u00f3rida. Tudo come\u00e7ou com um guia tur\u00edstico na d\u00e9cada de 1930"},"content":{"rendered":"<p class=\"wp-caption-text top\">ahunziker \/ Flickr<\/p>\n<p><img decoding=\"async\" loading=\"lazy\" class=\"wp-image-18271 size-kopa-image-size-3\" src=\"https:\/\/www.europesays.com\/pt\/wp-content\/uploads\/2025\/10\/911af7aa209e00b49f3d6fd2afa9256442-783x450.jpg\" alt=\"\" width=\"700\" height=\"402\"  \/><\/p>\n<p><strong>Os macacos chegaram inicialmente \u00e0 Fl\u00f3rida pela m\u00e3o de um operador tur\u00edstico na d\u00e9cada de 1930. Agora, a sua r\u00e1pida propaga\u00e7\u00e3o preocupa as autoridades locais devido ao impacto no ecossistema.<\/strong><\/p>\n<p>Um recente v\u00eddeo viral no Instagram mostra um passeio de barco por Silver Springs, na Fl\u00f3rida, a ser subitamente interrompido pelo que parece ser uma \u201cchuva\u201d de macacos.<\/p>\n<p>Embora possa parecer uma montagem ou feito por Intelig\u00eancia Artificial, o v\u00eddeo \u00e9 real e serve de lembrete da rela\u00e7\u00e3o complicada da Fl\u00f3rida com a vida selvagem n\u00e3o nativa.<\/p>\n<blockquote class=\"instagram-media\" style=\"background: #FFF; border: 0; border-radius: 3px; box-shadow: 0 0 1px 0 rgba(0,0,0,0.5),0 1px 10px 0 rgba(0,0,0,0.15); margin: 1px; max-width: 540px; min-width: 326px; padding: 0; width: calc(100% - 2px);\" data-instgrm-captioned=\"\" data-instgrm-permalink=\"https:\/\/www.instagram.com\/reel\/DP92Zw-gBe2\/?utm_source=ig_embed&amp;utm_campaign=loading\" data-instgrm-version=\"14\">\n<\/blockquote>\n<p>A hist\u00f3ria por detr\u00e1s do espet\u00e1culo remonta \u00e0 d\u00e9cada de 1930, quando um empreendedor local chamado Coronel Tooey organizava passeios de \u201ccruzeiro na selva\u201d em Silver Springs. Ansioso por tornar a atra\u00e7\u00e3o mais aut\u00eantica, Tooey libertou uma d\u00fazia de <strong>macacos rhesus<\/strong> (Macaca mulatta) numa pequena ilha da regi\u00e3o. A esp\u00e9cie, nativa do sul e leste da \u00c1sia, adaptou-se rapidamente ao novo ambiente e, ao longo das d\u00e9cadas, a sua popula\u00e7\u00e3o cresceu muito para al\u00e9m do que se esperava.<\/p>\n<p>Na d\u00e9cada de 1980, as autoridades respons\u00e1veis \u200b\u200bpela vida selvagem da Fl\u00f3rida ficaram <strong>alarmadas com a r\u00e1pida propaga\u00e7\u00e3o dos macacos<\/strong> e com o seu potencial impacto ecol\u00f3gico. Entre 1984 e 2012, cerca de 1000 macacos foram capturados e removidos, numa tentativa de controlar a popula\u00e7\u00e3o. Mesmo assim, os resilientes primatas persistiram. Uma estimativa de 2015 contabilizou aproximadamente 176 indiv\u00edduos a viver em cinco grupos sociais, alertando que, sem uma gest\u00e3o cont\u00ednua, a popula\u00e7\u00e3o poderia <strong>duplicar em poucos anos<\/strong>.<\/p>\n<p>O sucesso dos macacos na Fl\u00f3rida real\u00e7a a sua <strong>not\u00e1vel adaptabilidade<\/strong>. Prosperam tanto em ambientes urbanos como selvagens, vivendo frequentemente perto de humanos sem medo. Mas a sua presen\u00e7a levanta preocupa\u00e7\u00f5es ambientais e de sa\u00fade, incluindo a competi\u00e7\u00e3o com as esp\u00e9cies nativas e o risco de transmiss\u00e3o de doen\u00e7as, refere o <a href=\"https:\/\/www.iflscience.com\/it-can-rain-monkeys-in-florida-and-the-reason-why-dates-back-to-the-1930s-81284\" data-wpel-link=\"external\" target=\"_blank\" rel=\"nofollow external noopener noreferrer\" class=\"ext-link\">IFLScience<\/a>.<\/p>\n<p>E estes macacos n\u00e3o est\u00e3o sozinhos na sua inesperada fama na Fl\u00f3rida. O clima subtropical do estado tornou-o um ref\u00fagio para todos os tipos de animais invasores, desde<strong> iguanas-verdes a macacos-vervet<\/strong>.<\/p>\n<p>Ali\u00e1s, os habitantes locais preparam-se mesmo para um fen\u00f3meno anual conhecido como \u201cqueda da iguana\u201d, quando as ondas de frio paralisam temporariamente estes r\u00e9pteis de sangue frio, <strong>fazendo com que caiam das \u00e1rvores<\/strong>. Apesar de parecerem sem vida, muitos simplesmente revivem assim que aquecem \u2014 muitas vezes para surpresa de quem tenta \u201cresgat\u00e1-los\u201d.<\/p>\n<p>Sejam macacos a chover do topo das \u00e1rvores ou iguanas a cair dos ramos, a vida selvagem da Fl\u00f3rida continua a esbater a <strong>linha entre o natural e o bizarro.<\/strong> Para os residentes, pode estar na altura de acrescentar mais um item \u00e0 lista de precau\u00e7\u00f5es sazonais: um guarda-chuva resistente a macacos e iguanas congeladas.<\/p>\n<p>    <a href=\"https:\/\/zap.aeiou.pt\/subscrever-newsletter\" data-wpel-link=\"internal\" rel=\"nofollow noopener\" target=\"_blank\">&#13;<br \/>\n        <img loading=\"lazy\" decoding=\"async\" class=\"aligncenter size-full wp-image-575475\" src=\"https:\/\/www.europesays.com\/pt\/wp-content\/uploads\/2025\/10\/1759862234_971_2d51fe4a0ba54894421ead1809309ed9-1-450x140.jpg\" alt=\"Subscreva a Newsletter ZAP\" width=\"450\" height=\"140\"\/>&#13;<br \/>\n    <\/a><\/p>\n<p>                <a href=\"https:\/\/whatsapp.com\/channel\/0029VaIC4EE2f3EJZPPSbR34\" data-wpel-link=\"external\" target=\"_blank\" rel=\"nofollow external noopener noreferrer\" class=\"ext-link\">&#13;<br \/>\n                    <img loading=\"lazy\" decoding=\"async\" class=\"aligncenter size-full wp-image-575475\" src=\"https:\/\/www.europesays.com\/pt\/wp-content\/uploads\/2025\/10\/1759862234_512_c68c559d956d4ca20f435ed74a6e71e6.png\" alt=\"Siga-nos no WhatsApp\" width=\"175\" height=\"64\"\/>&#13;<br \/>\n                <\/a><\/p>\n<p>                <a href=\"https:\/\/news.google.com\/publications\/CAAiEHRwZondIV71PDjWNoqMduEqFAgKIhB0cGaJ3SFe9Tw41jaKjHbh?hl=en-US&amp;gl=US&amp;ceid=US%3Aen\" data-wpel-link=\"external\" target=\"_blank\" rel=\"nofollow external noopener noreferrer\" class=\"ext-link\">&#13;<br \/>\n                    <img loading=\"lazy\" decoding=\"async\" class=\"aligncenter size-full wp-image-575475\" src=\"https:\/\/www.europesays.com\/pt\/wp-content\/uploads\/2025\/10\/1759862235_242_5123dd8b087b644fdb8f8603acd1bad4.png\" alt=\"Siga-nos no Google News\" width=\"176\" height=\"64\"\/>&#13;<br \/>\n                <\/a><\/p>\n<p>                <script async src=\"\/\/www.instagram.com\/embed.js\"><\/script><\/p>\n","protected":false},"excerpt":{"rendered":"ahunziker \/ Flickr Os macacos chegaram inicialmente \u00e0 Fl\u00f3rida pela m\u00e3o de um operador tur\u00edstico na d\u00e9cada de&hellip;\n","protected":false},"author":2,"featured_media":126112,"comment_status":"","ping_status":"","sticky":false,"template":"","format":"standard","meta":{"footnotes":""},"categories":[50],"tags":[4614,27,28,413,15,16,14,25,26,21,22,62,12,13,19,20,23,24,17,18,29,30,31,63,64,65],"class_list":{"0":"post-126111","1":"post","2":"type-post","3":"status-publish","4":"format-standard","5":"has-post-thumbnail","7":"category-mundo","8":"tag-biologia","9":"tag-breaking-news","10":"tag-breakingnews","11":"tag-eua","12":"tag-featured-news","13":"tag-featurednews","14":"tag-headlines","15":"tag-latest-news","16":"tag-latestnews","17":"tag-main-news","18":"tag-mainnews","19":"tag-mundo","20":"tag-news","21":"tag-noticias","22":"tag-noticias-principais","23":"tag-noticiasprincipais","24":"tag-principais-noticias","25":"tag-principaisnoticias","26":"tag-top-stories","27":"tag-topstories","28":"tag-ultimas","29":"tag-ultimas-noticias","30":"tag-ultimasnoticias","31":"tag-world","32":"tag-world-news","33":"tag-worldnews"},"share_on_mastodon":{"url":"https:\/\/pubeurope.com\/@pt\/115436268121270358","error":""},"_links":{"self":[{"href":"https:\/\/www.europesays.com\/pt\/wp-json\/wp\/v2\/posts\/126111","targetHints":{"allow":["GET"]}}],"collection":[{"href":"https:\/\/www.europesays.com\/pt\/wp-json\/wp\/v2\/posts"}],"about":[{"href":"https:\/\/www.europesays.com\/pt\/wp-json\/wp\/v2\/types\/post"}],"author":[{"embeddable":true,"href":"https:\/\/www.europesays.com\/pt\/wp-json\/wp\/v2\/users\/2"}],"replies":[{"embeddable":true,"href":"https:\/\/www.europesays.com\/pt\/wp-json\/wp\/v2\/comments?post=126111"}],"version-history":[{"count":0,"href":"https:\/\/www.europesays.com\/pt\/wp-json\/wp\/v2\/posts\/126111\/revisions"}],"wp:featuredmedia":[{"embeddable":true,"href":"https:\/\/www.europesays.com\/pt\/wp-json\/wp\/v2\/media\/126112"}],"wp:attachment":[{"href":"https:\/\/www.europesays.com\/pt\/wp-json\/wp\/v2\/media?parent=126111"}],"wp:term":[{"taxonomy":"category","embeddable":true,"href":"https:\/\/www.europesays.com\/pt\/wp-json\/wp\/v2\/categories?post=126111"},{"taxonomy":"post_tag","embeddable":true,"href":"https:\/\/www.europesays.com\/pt\/wp-json\/wp\/v2\/tags?post=126111"}],"curies":[{"name":"wp","href":"https:\/\/api.w.org\/{rel}","templated":true}]}}