{"id":126115,"date":"2025-10-25T18:41:19","date_gmt":"2025-10-25T18:41:19","guid":{"rendered":"https:\/\/www.europesays.com\/pt\/126115\/"},"modified":"2025-10-25T18:41:19","modified_gmt":"2025-10-25T18:41:19","slug":"decisao-de-nao-recandidatura-no-bloco-de-esquerda","status":"publish","type":"post","link":"https:\/\/www.europesays.com\/pt\/126115\/","title":{"rendered":"Decis\u00e3o de N\u00e3o Recandidatura no Bloco de Esquerda"},"content":{"rendered":"<p>A coordenadora do Bloco de Esquerda anunciou que n\u00e3o se recandida a um novo mandato. Numa mensagem enviada aos militantes e \u00e0 qual o DN teve acesso, Mort\u00e1gua justificou a decis\u00e3o com o facto de n\u00e3o ter cumprido o objetivo tra\u00e7ado.<\/p>\n<p>&#8220;<strong>Comunico-vos que decidi n\u00e3o me candidatar a um novo mandato de coordenadora do Bloco de Esquerda.<\/strong> Tomo esta decis\u00e3o com a tranquilidade que me deu o constante apoio de todos os meus camaradas ao longo de todo este tempo&#8221;, escreveu Marina Mort\u00e1gua, lembrando que quando assumiu esse desafio h\u00e1 dois anos e meio o fez sabendo das &#8220;dif\u00edceis condi\u00e7\u00f5es pol\u00edticas&#8221; da esquerda e do Bloco. &#8220;Depois do colapso da maioria absoluta do PS e com o refor\u00e7o da direita e da extrema-direita era preciso encontrar outros caminhos&#8221;, recorda.<\/p>\n<p>&#8220;Considero que esse objetivo n\u00e3o foi cumprido. N\u00e3o apenas porque continuou a <strong>redu\u00e7\u00e3o do espa\u00e7o eleitoral do Bloco<\/strong>, mas tamb\u00e9m porque <strong>a renova\u00e7\u00e3o que ent\u00e3o fizemos n\u00e3o se revelou suficiente para relan\u00e7ar a nossa interven\u00e7\u00e3o social<\/strong>&#8220;, justifica.<\/p>\n<p>&#8220;Fa\u00e7o-o por acreditar que o Bloco beneficiar\u00e1 de ter, na coordena\u00e7\u00e3o e no parlamento, pessoas com melhores condi\u00e7\u00f5es do que aquelas que hoje tenho para dar voz ao partido&#8221;, acrescenta.<\/p>\n<p>&#8220;Nestes dois anos e meio, a precipita\u00e7\u00e3o de sucessivas campanhas eleitorais tirou espa\u00e7o e tempo \u00e0 nossa reflex\u00e3o interna e prejudicou uma transforma\u00e7\u00e3o efetiva do funcionamento do Bloco. <strong>A dire\u00e7\u00e3o por mim encabe\u00e7ada foi incapaz de inverter a excessiva centraliza\u00e7\u00e3o da estrutura do Bloco e gerar um novo impulso pol\u00edtico e eleitoral<\/strong>&#8220;, assume, referindo-se ainda \u00e0s &#8220;empenhadas campanhas de \u00f3dio&#8221; dos advers\u00e1rios. &#8220;Mas o certo \u00e9 que n\u00e3o conseguimos neutraliz\u00e1-las&#8221;, diz.<\/p>\n<p>Mariana Mort\u00e1gua afirma que caber\u00e1 a cada uma das mo\u00e7\u00f5es presentes \u00e0 pr\u00f3xima Conven\u00e7\u00e3o apresentar as suas alternativas de dire\u00e7\u00e3o e alerta que &#8220;<strong>a esquerda em geral \u2013 e o Bloco em particular \u2013 atravessa um per\u00edodo dif\u00edcil e n\u00e3o \u00e9 s\u00f3 no nosso pa\u00eds&#8221;<\/strong>.<\/p>\n<p>Nesta carta enviada aos militantes na v\u00e9spera da reuni\u00e3o da Mesa Nacional, que se realiza este domingo, Mort\u00e1gua defende que &#8220;o Bloco tem a hist\u00f3ria, as ideias, a coer\u00eancia e a milit\u00e2ncia&#8221; para enfrentar estes tempos e &#8220;para surpreender mais uma vez quem se assanha&#8221; para atacar a esquerda. N\u00e3o temos medo e venceremos os novos fascistas e toda a opress\u00e3o com a for\u00e7a da ideia socialista&#8221;, diz, garantindo que ser\u00e1 parte desse caminho e que o partido pode continuar a contra com ela.<\/p>\n<p>Mais tarde, numa declara\u00e7\u00e3o, Mort\u00e1gua explicou que esta foi uma decis\u00e3o pessoal e que <strong>deixar\u00e1 de ser deputada ap\u00f3s a vota\u00e7\u00e3o final do Or\u00e7amento do Estado para 2026<\/strong>. \u201cPretendo concluir o processo or\u00e7amental que iniciei e depois disso sair do Parlamento\u201d, disse.<\/p>\n<p>A ainda coordenadora do Bloco de Esquerda deixa a lideran\u00e7a do partido, mas garantiu que n\u00e3o deixa a pol\u00edtica. \u201cEstarei aqui para o futuro do Bloco de Esquerda, estarei aqui para construir a esquerda. Sou tamb\u00e9m parte desse futuro, ainda que n\u00e3o como coordenadora&#8221;, afirmou, garantindo que o afastamento da vida pol\u00edtica &#8220;\u00e9 uma impossibilidade.<\/p>\n<p>&#8220;Quero fazer pol\u00edtica, quero mudar a vida do pa\u00eds, quero lutar pelo pa\u00eds, pelo meu povo, quero lutar pela esquerda, pela igualdade, e <strong>continuarei certamente a fazer pol\u00edtica e continuarei a fazer pol\u00edtica dentro do Bloco de Esquerda, contribuindo para o Bloco de Esquerda.<\/strong> Acho que tenho muito para dar\u201d, afirmou, recusando comentar o perfil adequado do sucessor. \u201cEssa \u00e9 uma decis\u00e3o que cabe ao Bloco de Esquerda tomar, que cabe aos militantes e \u00e0 pr\u00f3xima dire\u00e7\u00e3o, e esse \u00e9 um processo que continua agora num debate que se far\u00e1 na conven\u00e7\u00e3o&#8221;, disse.<\/p>\n<p>Pureza rejeita cen\u00e1rios precipitados<\/p>\n","protected":false},"excerpt":{"rendered":"A coordenadora do Bloco de Esquerda anunciou que n\u00e3o se recandida a um novo mandato. Numa mensagem enviada&hellip;\n","protected":false},"author":2,"featured_media":126116,"comment_status":"","ping_status":"","sticky":false,"template":"","format":"standard","meta":{"footnotes":""},"categories":[8],"tags":[454,27,28,15,16,14,25,26,21,22,1737,12,13,19,20,32,23,24,33,17,18,29,30,31],"class_list":{"0":"post-126115","1":"post","2":"type-post","3":"status-publish","4":"format-standard","5":"has-post-thumbnail","7":"category-principais-noticias","8":"tag-bloco-de-esquerda","9":"tag-breaking-news","10":"tag-breakingnews","11":"tag-featured-news","12":"tag-featurednews","13":"tag-headlines","14":"tag-latest-news","15":"tag-latestnews","16":"tag-main-news","17":"tag-mainnews","18":"tag-mariana-mortagua","19":"tag-news","20":"tag-noticias","21":"tag-noticias-principais","22":"tag-noticiasprincipais","23":"tag-portugal","24":"tag-principais-noticias","25":"tag-principaisnoticias","26":"tag-pt","27":"tag-top-stories","28":"tag-topstories","29":"tag-ultimas","30":"tag-ultimas-noticias","31":"tag-ultimasnoticias"},"share_on_mastodon":{"url":"https:\/\/pubeurope.com\/@pt\/115436276080913798","error":""},"_links":{"self":[{"href":"https:\/\/www.europesays.com\/pt\/wp-json\/wp\/v2\/posts\/126115","targetHints":{"allow":["GET"]}}],"collection":[{"href":"https:\/\/www.europesays.com\/pt\/wp-json\/wp\/v2\/posts"}],"about":[{"href":"https:\/\/www.europesays.com\/pt\/wp-json\/wp\/v2\/types\/post"}],"author":[{"embeddable":true,"href":"https:\/\/www.europesays.com\/pt\/wp-json\/wp\/v2\/users\/2"}],"replies":[{"embeddable":true,"href":"https:\/\/www.europesays.com\/pt\/wp-json\/wp\/v2\/comments?post=126115"}],"version-history":[{"count":0,"href":"https:\/\/www.europesays.com\/pt\/wp-json\/wp\/v2\/posts\/126115\/revisions"}],"wp:featuredmedia":[{"embeddable":true,"href":"https:\/\/www.europesays.com\/pt\/wp-json\/wp\/v2\/media\/126116"}],"wp:attachment":[{"href":"https:\/\/www.europesays.com\/pt\/wp-json\/wp\/v2\/media?parent=126115"}],"wp:term":[{"taxonomy":"category","embeddable":true,"href":"https:\/\/www.europesays.com\/pt\/wp-json\/wp\/v2\/categories?post=126115"},{"taxonomy":"post_tag","embeddable":true,"href":"https:\/\/www.europesays.com\/pt\/wp-json\/wp\/v2\/tags?post=126115"}],"curies":[{"name":"wp","href":"https:\/\/api.w.org\/{rel}","templated":true}]}}