{"id":126117,"date":"2025-10-25T18:42:10","date_gmt":"2025-10-25T18:42:10","guid":{"rendered":"https:\/\/www.europesays.com\/pt\/126117\/"},"modified":"2025-10-25T18:42:10","modified_gmt":"2025-10-25T18:42:10","slug":"camila-queiroz-compartilha-detalhes-do-cha-de-bebe-de-sua-filha","status":"publish","type":"post","link":"https:\/\/www.europesays.com\/pt\/126117\/","title":{"rendered":"Camila Queiroz compartilha detalhes do ch\u00e1 de beb\u00ea de sua filha"},"content":{"rendered":"<p><a href=\"https:\/\/caras.com.br\/perfil\/camila-queiroz\" rel=\"nofollow noopener\" target=\"_blank\"><strong>Camila Queiroz<\/strong><\/a> est\u00e1 celebrando neste s\u00e1bado, 25, o ch\u00e1 de beb\u00ea de sua primeira filha com o ator <strong><a href=\"https:\/\/caras.com.br\/tags\/klebber-toledo\" rel=\"nofollow noopener\" target=\"_blank\">Klebber Toledo<\/a>,<\/strong> em um cen\u00e1rio cheio de flores e tons suaves. O evento aconteceu em um jardim ao ar livre, com decora\u00e7\u00e3o rom\u00e2ntica e detalhes florais em rosa e branco, refletindo o estilo delicado que tem marcado a reta final da gravidez da atriz.<\/p>\n<p>A comemora\u00e7\u00e3o, intitulada \u201cUm almo\u00e7o no jardim\u201d, foi compartilhada por Camila nos stories de seu Instagram. Nas imagens, \u00e9 poss\u00edvel ver tendas listradas em rosa e branco e mesas decoradas com arranjos de flores, preparado para receber familiares e amigos pr\u00f3ximos do casal.<\/p>\n<p>O local escolhido, cercado por natureza e luz natural, refor\u00e7ou a proposta intimista do encontro, que contou com trilha sonora suave e refer\u00eancias vintage, refletindo o estilo pessoal de Camila.<\/p>\n<p>Para o momento especial, Camila usou um look leve e elegante: uma saia longa em tom bege e uma blusa branca com mangas bufantes e recortes rendados. Nos registros, a atriz aparece exibindo o barrig\u00e3o e posando entre flores, sorridente, ao som da m\u00fasica This Is My Love, de Frank Sinatra.<\/p>\n<p>Klebber Toledo tamb\u00e9m participou da celebra\u00e7\u00e3o e surgiu em clima de romance com a esposa. Em um dos registros publicados, o casal aparece trocando um beijo, com Camila legendando \u201cs\u00f3 amor\u201d.<\/p>\n<p> <img loading=\"lazy\" decoding=\"async\" class=\"wp-image-1022627 size-full img-fluid lazy\" alt=\"Ch\u00e1 de Beb\u00ea de Camila Queiroz - Foto: Reprodu\u00e7\u00e3o \/ Instagram\" width=\"338\" height=\"606\" src=\"https:\/\/www.europesays.com\/pt\/wp-content\/uploads\/2025\/10\/cha-de-bebe-camila-queiroz.jpg\"  \/>Ch\u00e1 de Beb\u00ea de Camila Queiroz \u2013 Foto: Reprodu\u00e7\u00e3o \/ Instagram <\/p>\n<p>\u00a0<\/p>\n<p> <img loading=\"lazy\" decoding=\"async\" class=\"wp-image-1022625 size-full img-fluid lazy\" alt=\"Ch\u00e1 de Beb\u00ea de Camila Queiroz - Foto: Reprodu\u00e7\u00e3o \/ Instagram\" width=\"338\" height=\"609\" src=\"https:\/\/www.europesays.com\/pt\/wp-content\/uploads\/2025\/10\/cha-de-bebe-camila-queiroz-3.jpg\"  \/>Ch\u00e1 de Beb\u00ea de Camila Queiroz \u2013 Foto: Reprodu\u00e7\u00e3o \/ Instagram <\/p>\n<p>\u00a0<\/p>\n<p> <img loading=\"lazy\" decoding=\"async\" class=\"wp-image-1022626 size-full img-fluid lazy\" alt=\"Ch\u00e1 de Beb\u00ea de Camila Queiroz - Foto: Reprodu\u00e7\u00e3o \/ Instagram\" width=\"337\" height=\"612\" src=\"https:\/\/www.europesays.com\/pt\/wp-content\/uploads\/2025\/10\/cha-de-bebe-camila-queiroz-2.jpg\"  \/>Ch\u00e1 de Beb\u00ea de Camila Queiroz \u2013 Foto: Reprodu\u00e7\u00e3o \/ Instagram <\/p>\n<p>\u00a0<\/p>\n<p>\t <img loading=\"lazy\" decoding=\"async\" class=\"wp-image-1022621 size-full img-fluid lazy\" alt=\"Ch\u00e1 de Beb\u00ea de Camila Queiroz - Foto: Reprodu\u00e7\u00e3o \/ Instagram\" width=\"335\" height=\"600\" src=\"https:\/\/www.europesays.com\/pt\/wp-content\/uploads\/2025\/10\/cha-de-bebe-camila-queiroz-7.jpg\"  \/>Ch\u00e1 de Beb\u00ea de Camila Queiroz \u2013 Foto: Reprodu\u00e7\u00e3o \/ Instagram <\/p>\n<p>\u00a0<\/p>\n<p> <img loading=\"lazy\" decoding=\"async\" class=\"wp-image-1022622 size-full img-fluid lazy\" alt=\"Ch\u00e1 de Beb\u00ea de Camila Queiroz - Foto: Reprodu\u00e7\u00e3o \/ Instagram\" width=\"337\" height=\"606\" src=\"https:\/\/www.europesays.com\/pt\/wp-content\/uploads\/2025\/10\/cha-de-bebe-camila-queiroz-6.jpg\"  \/>Ch\u00e1 de Beb\u00ea de Camila Queiroz \u2013 Foto: Reprodu\u00e7\u00e3o \/ Instagram <\/p>\n<p>\u00a0<\/p>\n<p> <img loading=\"lazy\" decoding=\"async\" class=\"wp-image-1022623 size-full img-fluid lazy\" alt=\"Ch\u00e1 de Beb\u00ea de Camila Queiroz - Foto: Reprodu\u00e7\u00e3o \/ Instagram\" width=\"336\" height=\"603\" src=\"https:\/\/www.europesays.com\/pt\/wp-content\/uploads\/2025\/10\/cha-de-bebe-camila-queiroz-5.jpg\"  \/>Ch\u00e1 de Beb\u00ea de Camila Queiroz \u2013 Foto: Reprodu\u00e7\u00e3o \/ Instagram <\/p>\n<p>\u00a0<\/p>\n<p>\t <img loading=\"lazy\" decoding=\"async\" class=\"wp-image-1022624 size-full img-fluid lazy\" alt=\"Camila e Klebber Toledo no Ch\u00e1 de Beb\u00ea - Foto: Reprodu\u00e7\u00e3o \/ Instagram\" width=\"340\" height=\"610\" src=\"https:\/\/www.europesays.com\/pt\/wp-content\/uploads\/2025\/10\/cha-de-bebe-camila-queiroz-4.jpg\"  \/>Camila e Klebber Toledo no Ch\u00e1 de Beb\u00ea \u2013 Foto: Reprodu\u00e7\u00e3o \/ Instagram Reta final da gravidez <\/p>\n<p>Gr\u00e1vida de uma menina, Camila tem compartilhado nas redes sociais momentos dessa nova fase, exibindo o avan\u00e7o da gesta\u00e7\u00e3o e a prepara\u00e7\u00e3o para a chegada da filha. O casal, que est\u00e1 junto desde 2016, deve dar as boas-vindas \u00e0 beb\u00ea ainda neste ano.<\/p>\n<p>Nas \u00faltimas semanas, Camila tem se dedicado a eventos mais tranquilos e familiares, equilibrando a rotina com a reta final da gravidez. O ch\u00e1 de beb\u00ea marcou uma das \u00faltimas comemora\u00e7\u00f5es antes do nascimento da filha, celebrando o novo cap\u00edtulo da vida de Camila e Klebber.<\/p>\n<p>Leia tamb\u00e9m: <a href=\"https:\/\/caras.com.br\/bem-estar\/especialista-fala-sobre-a-pressao-estetica-em-torno-da-filha-de-camila-queiroz-com-klebber-toledo.phtml\" rel=\"nofollow noopener\" target=\"_blank\">Especialista fala sobre a press\u00e3o est\u00e9tica em torno da filha de Camila Queiroz com Klebber Toledo<\/a><\/p>\n<p>        <a href=\"https:\/\/caras.com.br\/autor\/izabella-nicolau\" rel=\"nofollow noopener\" target=\"_blank\">&#13;<br \/>\n          <img loading=\"lazy\" decoding=\"async\" alt=\"Izabella Nicolau\" src=\"https:\/\/www.europesays.com\/pt\/wp-content\/uploads\/2025\/10\/whatsapp_image_2025-08-12_at_15.10.50_1_sqmd.jpeg\" class=\"avatar avatar-115 photo rounded-circle\" height=\"115\" width=\"115\"\/>        <\/a><\/p>\n<p><strong>Izabella Nicolau<\/strong> \u00e9 rep\u00f3rter de conte\u00fado do site CARAS. Formada em jornalismo, j\u00e1 passou por sites como Observat\u00f3rio do Cinema e Ultraverso. Escreve sobre cultura, entretenimento e celebridades.<\/p>\n<ul class=\"terms-list post_tag list-inline\">\n<li class=\"camila-queiroz list-inline-item\">\n\t\t\t\t\t<a href=\"https:\/\/caras.com.br\/tags\/camila-queiroz\" class=\"item-category\" rel=\"nofollow noopener\" target=\"_blank\">Camila Queiroz<\/a>\n\t\t\t\t<\/li>\n<li class=\"klebber-toledo list-inline-item\">\n\t\t\t\t\t<a href=\"https:\/\/caras.com.br\/tags\/klebber-toledo\" class=\"item-category\" rel=\"nofollow noopener\" target=\"_blank\">klebber toledo<\/a>\n\t\t\t\t<\/li>\n<\/ul>\n","protected":false},"excerpt":{"rendered":"Camila Queiroz est\u00e1 celebrando neste s\u00e1bado, 25, o ch\u00e1 de beb\u00ea de sua primeira filha com o ator&hellip;\n","protected":false},"author":2,"featured_media":126118,"comment_status":"","ping_status":"","sticky":false,"template":"","format":"standard","meta":{"footnotes":""},"categories":[145],"tags":[11700,211,210,114,115,26611,32,33],"class_list":{"0":"post-126117","1":"post","2":"type-post","3":"status-publish","4":"format-standard","5":"has-post-thumbnail","7":"category-celebridades","8":"tag-camila-queiroz","9":"tag-celebridades","10":"tag-celebrities","11":"tag-entertainment","12":"tag-entretenimento","13":"tag-klebber-toledo","14":"tag-portugal","15":"tag-pt"},"share_on_mastodon":{"url":"https:\/\/pubeurope.com\/@pt\/115436280002717210","error":""},"_links":{"self":[{"href":"https:\/\/www.europesays.com\/pt\/wp-json\/wp\/v2\/posts\/126117","targetHints":{"allow":["GET"]}}],"collection":[{"href":"https:\/\/www.europesays.com\/pt\/wp-json\/wp\/v2\/posts"}],"about":[{"href":"https:\/\/www.europesays.com\/pt\/wp-json\/wp\/v2\/types\/post"}],"author":[{"embeddable":true,"href":"https:\/\/www.europesays.com\/pt\/wp-json\/wp\/v2\/users\/2"}],"replies":[{"embeddable":true,"href":"https:\/\/www.europesays.com\/pt\/wp-json\/wp\/v2\/comments?post=126117"}],"version-history":[{"count":0,"href":"https:\/\/www.europesays.com\/pt\/wp-json\/wp\/v2\/posts\/126117\/revisions"}],"wp:featuredmedia":[{"embeddable":true,"href":"https:\/\/www.europesays.com\/pt\/wp-json\/wp\/v2\/media\/126118"}],"wp:attachment":[{"href":"https:\/\/www.europesays.com\/pt\/wp-json\/wp\/v2\/media?parent=126117"}],"wp:term":[{"taxonomy":"category","embeddable":true,"href":"https:\/\/www.europesays.com\/pt\/wp-json\/wp\/v2\/categories?post=126117"},{"taxonomy":"post_tag","embeddable":true,"href":"https:\/\/www.europesays.com\/pt\/wp-json\/wp\/v2\/tags?post=126117"}],"curies":[{"name":"wp","href":"https:\/\/api.w.org\/{rel}","templated":true}]}}