{"id":126131,"date":"2025-10-25T18:53:16","date_gmt":"2025-10-25T18:53:16","guid":{"rendered":"https:\/\/www.europesays.com\/pt\/126131\/"},"modified":"2025-10-25T18:53:16","modified_gmt":"2025-10-25T18:53:16","slug":"fezes-com-1300-anos-revelam-detalhes-tragicos-sobre-a-vida-na-caverna-das-criancas-mortas","status":"publish","type":"post","link":"https:\/\/www.europesays.com\/pt\/126131\/","title":{"rendered":"Fezes com 1300 anos revelam detalhes tr\u00e1gicos sobre a vida na &#8220;Caverna das Crian\u00e7as Mortas&#8221;"},"content":{"rendered":"<p class=\"wp-caption-text top\">Johnica Winter<\/p>\n<p><img decoding=\"async\" loading=\"lazy\" class=\"wp-image-707627 size-kopa-image-size-3\" src=\"https:\/\/www.europesays.com\/pt\/wp-content\/uploads\/2025\/10\/862b608daf4f38514d8ae3d037f81ec3-783x450.png\" alt=\"\" width=\"700\" height=\"402\"  \/><\/p>\n<p><strong>Uma nova investiga\u00e7\u00e3o analisou a fezes pr\u00e9-hist\u00f3ricas da cultura de Loma San Gabriel e descobriu que as infe\u00e7\u00f5es intestinais eram uma constante.<\/strong><\/p>\n<p>Um novo <a href=\"https:\/\/journals.plos.org\/plosone\/article?id=10.1371\/journal.pone.0318140&amp;utm_source=pr&amp;utm_medium=email&amp;utm_campaign=plos006#\" data-wpel-link=\"external\" target=\"_blank\" rel=\"nofollow external noopener noreferrer\" class=\"ext-link\">estudo<\/a> publicado na PLOS One descobriu evid\u00eancias sobre as condi\u00e7\u00f5es de vida dif\u00edceis na Caverna das Crian\u00e7as Mortes, no no Vale do Rio Zape, perto de Durango, no M\u00e9xico. A pesquisa concluiu que a popula\u00e7\u00e3o da cultura pr\u00e9-hist\u00f3rica de Loma San Gabriel<strong> sofria frequentemente de infe\u00e7\u00f5es intestinais<\/strong> causadas por uma variedade de agentes patog\u00e9nicos.<\/p>\n<p>A equipa de investiga\u00e7\u00e3o, liderada por Drew Capone, da Universidade de Indiana, analisou <strong>10 amostras com 1300 anos<\/strong> de paleofezes recuperadas h\u00e1 d\u00e9cadas da gruta. \u201cTrabalhar com estas amostras antigas foi como abrir uma c\u00e1psula do tempo biol\u00f3gica\u201d, disse Capone, referindo que cada amostra revelou \u201cperspetivas sobre a sa\u00fade humana e a vida quotidiana\u201d.<\/p>\n<p>A gruta, escavada na d\u00e9cada de 1950, era um local de rituais e atividades dom\u00e9sticas para o povo de Loma San Gabriel, que praticava a agricultura em pequena escala, produzia cer\u00e2micas caracter\u00edsticas e, por vezes, <strong>realizava sacrif\u00edcios de crian\u00e7as<\/strong>, da\u00ed o nome da gruta. Estudos microsc\u00f3picos anteriores de restos fecais do local j\u00e1 tinham identificado ovos de parasitas como ancilostom\u00eddeos, tricur\u00eddeos e oxi\u00faros, recorda o <a href=\"https:\/\/www.livescience.com\/archaeology\/1-300-year-old-poop-reveals-pathogens-plagued-prehistoric-people-in-mexicos-cave-of-the-dead-children\" data-wpel-link=\"external\" target=\"_blank\" rel=\"nofollow external noopener noreferrer\" class=\"ext-link\">Live Science<\/a>.<\/p>\n<p>No novo estudo, os investigadores utilizaram t\u00e9cnicas moleculares avan\u00e7adas, incluindo a extra\u00e7\u00e3o de ADN e a rea\u00e7\u00e3o em cadeia da polimerase (PCR), para identificar uma gama mais ampla de agentes patog\u00e9nicos antigos. A an\u00e1lise revelou que cada amostra continha <strong>pelo menos um micr\u00f3bio causador de doen\u00e7a<\/strong>, sugerindo infe\u00e7\u00f5es intestinais disseminadas entre a popula\u00e7\u00e3o.<\/p>\n<p>Os agentes patog\u00e9nicos mais comuns foram o parasita Blastocystis, que causa desconforto gastrointestinal, e m\u00faltiplas estirpes de Escherichia coli (E. coli), detetadas em cerca de 70% das amostras. A equipa encontrou tamb\u00e9m vest\u00edgios gen\u00e9ticos de Shigella, Giardia e oxi\u00faros, todos associados a doen\u00e7as intestinais.<\/p>\n<p>De acordo com o estudo, a abund\u00e2ncia de micr\u00f3bios indica condi\u00e7\u00f5es de saneamento deficientes na comunidade, onde as pessoas estavam provavelmente expostas \u00e0 <strong>contamina\u00e7\u00e3o fecal atrav\u00e9s da \u00e1gua pot\u00e1vel<\/strong>, do solo ou dos alimentos. Os investigadores observaram que alguns agentes patog\u00e9nicos podem ter-se decomposto ao longo do tempo, o que significa que as taxas reais de infe\u00e7\u00e3o podem ter sido ainda mais elevadas.<\/p>\n<p>O co-autor Joe Brown, da Universidade da Carolina do Norte, afirmou que as descobertas demonstram o \u201cpotencial dos m\u00e9todos moleculares modernos para <strong>apoiar estudos do passado<\/strong>\u201c, revelando como os padr\u00f5es antigos de doen\u00e7as refletem os desafios modernos de sa\u00fade p\u00fablica.<\/p>\n<p>    <a href=\"https:\/\/zap.aeiou.pt\/subscrever-newsletter\" data-wpel-link=\"internal\" rel=\"nofollow noopener\" target=\"_blank\">&#13;<br \/>\n        <img loading=\"lazy\" decoding=\"async\" class=\"aligncenter size-full wp-image-575475\" src=\"https:\/\/www.europesays.com\/pt\/wp-content\/uploads\/2025\/10\/1759862234_971_2d51fe4a0ba54894421ead1809309ed9-1-450x140.jpg\" alt=\"Subscreva a Newsletter ZAP\" width=\"450\" height=\"140\"\/>&#13;<br \/>\n    <\/a><\/p>\n<p>                <a href=\"https:\/\/whatsapp.com\/channel\/0029VaIC4EE2f3EJZPPSbR34\" data-wpel-link=\"external\" target=\"_blank\" rel=\"nofollow external noopener noreferrer\" class=\"ext-link\">&#13;<br \/>\n                    <img loading=\"lazy\" decoding=\"async\" class=\"aligncenter size-full wp-image-575475\" src=\"https:\/\/www.europesays.com\/pt\/wp-content\/uploads\/2025\/10\/1759862234_512_c68c559d956d4ca20f435ed74a6e71e6.png\" alt=\"Siga-nos no WhatsApp\" width=\"175\" height=\"64\"\/>&#13;<br \/>\n                <\/a><\/p>\n<p>                <a href=\"https:\/\/news.google.com\/publications\/CAAiEHRwZondIV71PDjWNoqMduEqFAgKIhB0cGaJ3SFe9Tw41jaKjHbh?hl=en-US&amp;gl=US&amp;ceid=US%3Aen\" data-wpel-link=\"external\" target=\"_blank\" rel=\"nofollow external noopener noreferrer\" class=\"ext-link\">&#13;<br \/>\n                    <img loading=\"lazy\" decoding=\"async\" class=\"aligncenter size-full wp-image-575475\" src=\"https:\/\/www.europesays.com\/pt\/wp-content\/uploads\/2025\/10\/1759862235_242_5123dd8b087b644fdb8f8603acd1bad4.png\" alt=\"Siga-nos no Google News\" width=\"176\" height=\"64\"\/>&#13;<br \/>\n                <\/a><\/p>\n","protected":false},"excerpt":{"rendered":"Johnica Winter Uma nova investiga\u00e7\u00e3o analisou a fezes pr\u00e9-hist\u00f3ricas da cultura de Loma San Gabriel e descobriu que&hellip;\n","protected":false},"author":2,"featured_media":126132,"comment_status":"","ping_status":"","sticky":false,"template":"","format":"standard","meta":{"footnotes":""},"categories":[50],"tags":[3504,27,28,15,16,14,25,26,21,22,62,12,13,19,20,23,24,17,18,29,30,31,63,64,65],"class_list":{"0":"post-126131","1":"post","2":"type-post","3":"status-publish","4":"format-standard","5":"has-post-thumbnail","7":"category-mundo","8":"tag-arqueologia","9":"tag-breaking-news","10":"tag-breakingnews","11":"tag-featured-news","12":"tag-featurednews","13":"tag-headlines","14":"tag-latest-news","15":"tag-latestnews","16":"tag-main-news","17":"tag-mainnews","18":"tag-mundo","19":"tag-news","20":"tag-noticias","21":"tag-noticias-principais","22":"tag-noticiasprincipais","23":"tag-principais-noticias","24":"tag-principaisnoticias","25":"tag-top-stories","26":"tag-topstories","27":"tag-ultimas","28":"tag-ultimas-noticias","29":"tag-ultimasnoticias","30":"tag-world","31":"tag-world-news","32":"tag-worldnews"},"share_on_mastodon":{"url":"https:\/\/pubeurope.com\/@pt\/115436323293511755","error":""},"_links":{"self":[{"href":"https:\/\/www.europesays.com\/pt\/wp-json\/wp\/v2\/posts\/126131","targetHints":{"allow":["GET"]}}],"collection":[{"href":"https:\/\/www.europesays.com\/pt\/wp-json\/wp\/v2\/posts"}],"about":[{"href":"https:\/\/www.europesays.com\/pt\/wp-json\/wp\/v2\/types\/post"}],"author":[{"embeddable":true,"href":"https:\/\/www.europesays.com\/pt\/wp-json\/wp\/v2\/users\/2"}],"replies":[{"embeddable":true,"href":"https:\/\/www.europesays.com\/pt\/wp-json\/wp\/v2\/comments?post=126131"}],"version-history":[{"count":0,"href":"https:\/\/www.europesays.com\/pt\/wp-json\/wp\/v2\/posts\/126131\/revisions"}],"wp:featuredmedia":[{"embeddable":true,"href":"https:\/\/www.europesays.com\/pt\/wp-json\/wp\/v2\/media\/126132"}],"wp:attachment":[{"href":"https:\/\/www.europesays.com\/pt\/wp-json\/wp\/v2\/media?parent=126131"}],"wp:term":[{"taxonomy":"category","embeddable":true,"href":"https:\/\/www.europesays.com\/pt\/wp-json\/wp\/v2\/categories?post=126131"},{"taxonomy":"post_tag","embeddable":true,"href":"https:\/\/www.europesays.com\/pt\/wp-json\/wp\/v2\/tags?post=126131"}],"curies":[{"name":"wp","href":"https:\/\/api.w.org\/{rel}","templated":true}]}}