{"id":126139,"date":"2025-10-25T19:00:12","date_gmt":"2025-10-25T19:00:12","guid":{"rendered":"https:\/\/www.europesays.com\/pt\/126139\/"},"modified":"2025-10-25T19:00:12","modified_gmt":"2025-10-25T19:00:12","slug":"surpreendente-nao-vai-acreditar-quando-vir-como-ruben-boa-nova-foi-buscar-o-filho-a-escola-secret-story","status":"publish","type":"post","link":"https:\/\/www.europesays.com\/pt\/126139\/","title":{"rendered":"Surpreendente. N\u00e3o vai acreditar quando vir como R\u00faben Boa Nova foi buscar o filho \u00e0 escola &#8211; Secret Story"},"content":{"rendered":"<p data-end=\"477\" data-start=\"221\">R\u00faben Boa Nova voltou a mostrar o seu lado mais divertido e familiar ao ir buscar o filho \u00e0 escola, mas com um detalhe que ningu\u00e9m esperava: o ex-concorrente da Casa dos Segredos apareceu vestido\u2026 de <strong data-end=\"474\" data-start=\"463\">Pikachu<\/strong>.<\/p>\n<p data-end=\"759\" data-start=\"479\">O momento foi partilhado pelo pr\u00f3prio nas redes sociais, num v\u00eddeo que rapidamente arrancou gargalhadas dos seguidores. No v\u00eddeo, v\u00ea-se R\u00faben completamente disfar\u00e7ado com o ic\u00f3nico fato amarelo do personagem da saga Pok\u00e9mon, enquanto o filho reage com entusiasmo \u00e0 surpresa.<\/p>\n<p data-end=\"759\" data-start=\"479\">\u00a0<\/p>\n<p data-end=\"1025\" data-start=\"761\">Tatiana, sempre c\u00famplice, acompanhou o marido e captou o momento com o bom humor que caracteriza o casal.<\/p>\n<p data-end=\"1578\" data-start=\"1378\">O v\u00eddeo, publicado no TikTok de R\u00faben, j\u00e1 soma milhares de visualiza\u00e7\u00f5es e refor\u00e7a a imagem descontra\u00edda do casal, que tem vindo a partilhar momentos do dia-a-dia familiar de forma leve e aut\u00eantica.<\/p>\n<p data-end=\"1778\" data-start=\"1580\">\u00a0<\/p>\n","protected":false},"excerpt":{"rendered":"R\u00faben Boa Nova voltou a mostrar o seu lado mais divertido e familiar ao ir buscar o filho&hellip;\n","protected":false},"author":2,"featured_media":126140,"comment_status":"","ping_status":"","sticky":false,"template":"","format":"standard","meta":{"footnotes":""},"categories":[142],"tags":[18706,114,115,18705,32,33,2631,151,18704],"class_list":{"0":"post-126139","1":"post","2":"type-post","3":"status-publish","4":"format-standard","5":"has-post-thumbnail","7":"category-tv","8":"tag-bastidores-secret-story","9":"tag-entertainment","10":"tag-entretenimento","11":"tag-entrevistas-concorrentes-tvi","12":"tag-portugal","13":"tag-pt","14":"tag-ruben-boa-nova","15":"tag-tv","16":"tag-vida-fora-da-casa"},"share_on_mastodon":{"url":"https:\/\/pubeurope.com\/@pt\/115436350655402256","error":""},"_links":{"self":[{"href":"https:\/\/www.europesays.com\/pt\/wp-json\/wp\/v2\/posts\/126139","targetHints":{"allow":["GET"]}}],"collection":[{"href":"https:\/\/www.europesays.com\/pt\/wp-json\/wp\/v2\/posts"}],"about":[{"href":"https:\/\/www.europesays.com\/pt\/wp-json\/wp\/v2\/types\/post"}],"author":[{"embeddable":true,"href":"https:\/\/www.europesays.com\/pt\/wp-json\/wp\/v2\/users\/2"}],"replies":[{"embeddable":true,"href":"https:\/\/www.europesays.com\/pt\/wp-json\/wp\/v2\/comments?post=126139"}],"version-history":[{"count":0,"href":"https:\/\/www.europesays.com\/pt\/wp-json\/wp\/v2\/posts\/126139\/revisions"}],"wp:featuredmedia":[{"embeddable":true,"href":"https:\/\/www.europesays.com\/pt\/wp-json\/wp\/v2\/media\/126140"}],"wp:attachment":[{"href":"https:\/\/www.europesays.com\/pt\/wp-json\/wp\/v2\/media?parent=126139"}],"wp:term":[{"taxonomy":"category","embeddable":true,"href":"https:\/\/www.europesays.com\/pt\/wp-json\/wp\/v2\/categories?post=126139"},{"taxonomy":"post_tag","embeddable":true,"href":"https:\/\/www.europesays.com\/pt\/wp-json\/wp\/v2\/tags?post=126139"}],"curies":[{"name":"wp","href":"https:\/\/api.w.org\/{rel}","templated":true}]}}