{"id":126145,"date":"2025-10-25T19:04:09","date_gmt":"2025-10-25T19:04:09","guid":{"rendered":"https:\/\/www.europesays.com\/pt\/126145\/"},"modified":"2025-10-25T19:04:09","modified_gmt":"2025-10-25T19:04:09","slug":"outubro-rosa-e-a-saude-da-mulher","status":"publish","type":"post","link":"https:\/\/www.europesays.com\/pt\/126145\/","title":{"rendered":"Outubro Rosa e a sa\u00fade da mulher"},"content":{"rendered":"<p style=\"text-align: justify;\">No quadro Vida Saud\u00e1vel, vamos falar sobre o Outubro Rosa, uma campanha de conscientiza\u00e7\u00e3o dedicada a informar sobre a preven\u00e7\u00e3o e o diagn\u00f3stico precoce do c\u00e2ncer de mama. A iniciativa ressalta a import\u00e2ncia de conhecer o pr\u00f3prio corpo, identificar sinais de alerta e estimular a realiza\u00e7\u00e3o de exames preventivos.<\/p>\n<p style=\"text-align: justify; \">A ginecologista Dra. Karen Rocha, do Dr. Consulta, aborda os principais fatores de risco para o c\u00e2ncer de mama. Entre eles est\u00e3o a idade, hist\u00f3rico familiar, altera\u00e7\u00f5es gen\u00e9ticas e determinados h\u00e1bitos de vida, que podem aumentar a probabilidade de desenvolvimento da doen\u00e7a.\u00a0Ela tamb\u00e9m destaca a import\u00e2ncia de identificar sinais e sintomas que possam indicar c\u00e2ncer de mama e refor\u00e7a a relev\u00e2ncia dos exames preventivos, especialmente a mamografia, para o diagn\u00f3stico precoce.<\/p>\n<p style=\"text-align: justify; \">Na s\u00e9rie de entrevistas, voc\u00ea tamb\u00e9m encontra outras orienta\u00e7\u00f5es que contribuem para a manuten\u00e7\u00e3o da sa\u00fade e bem-estar das mulheres.<\/p>\n","protected":false},"excerpt":{"rendered":"No quadro Vida Saud\u00e1vel, vamos falar sobre o Outubro Rosa, uma campanha de conscientiza\u00e7\u00e3o dedicada a informar sobre&hellip;\n","protected":false},"author":2,"featured_media":126146,"comment_status":"","ping_status":"","sticky":false,"template":"","format":"standard","meta":{"footnotes":""},"categories":[86],"tags":[5960,10917,28943,28944,116,23543,32,33,117,5618,2640],"class_list":{"0":"post-126145","1":"post","2":"type-post","3":"status-publish","4":"format-standard","5":"has-post-thumbnail","7":"category-saude","8":"tag-cancer-de-mama","9":"tag-cancer-de-ovario","10":"tag-combate-ao-cancer-de-mama","11":"tag-ginecologista-dra-karen-rocha","12":"tag-health","13":"tag-outubro-rosa","14":"tag-portugal","15":"tag-pt","16":"tag-saude","17":"tag-saude-da-mulher","18":"tag-vida-saudavel"},"share_on_mastodon":{"url":"https:\/\/pubeurope.com\/@pt\/115436366393215137","error":""},"_links":{"self":[{"href":"https:\/\/www.europesays.com\/pt\/wp-json\/wp\/v2\/posts\/126145","targetHints":{"allow":["GET"]}}],"collection":[{"href":"https:\/\/www.europesays.com\/pt\/wp-json\/wp\/v2\/posts"}],"about":[{"href":"https:\/\/www.europesays.com\/pt\/wp-json\/wp\/v2\/types\/post"}],"author":[{"embeddable":true,"href":"https:\/\/www.europesays.com\/pt\/wp-json\/wp\/v2\/users\/2"}],"replies":[{"embeddable":true,"href":"https:\/\/www.europesays.com\/pt\/wp-json\/wp\/v2\/comments?post=126145"}],"version-history":[{"count":0,"href":"https:\/\/www.europesays.com\/pt\/wp-json\/wp\/v2\/posts\/126145\/revisions"}],"wp:featuredmedia":[{"embeddable":true,"href":"https:\/\/www.europesays.com\/pt\/wp-json\/wp\/v2\/media\/126146"}],"wp:attachment":[{"href":"https:\/\/www.europesays.com\/pt\/wp-json\/wp\/v2\/media?parent=126145"}],"wp:term":[{"taxonomy":"category","embeddable":true,"href":"https:\/\/www.europesays.com\/pt\/wp-json\/wp\/v2\/categories?post=126145"},{"taxonomy":"post_tag","embeddable":true,"href":"https:\/\/www.europesays.com\/pt\/wp-json\/wp\/v2\/tags?post=126145"}],"curies":[{"name":"wp","href":"https:\/\/api.w.org\/{rel}","templated":true}]}}