{"id":126149,"date":"2025-10-25T19:08:18","date_gmt":"2025-10-25T19:08:18","guid":{"rendered":"https:\/\/www.europesays.com\/pt\/126149\/"},"modified":"2025-10-25T19:08:18","modified_gmt":"2025-10-25T19:08:18","slug":"escravatura-moderna-como-funciona-o-esquema-um-entra-um-sai-de-reino-unido-e-franca","status":"publish","type":"post","link":"https:\/\/www.europesays.com\/pt\/126149\/","title":{"rendered":"&#8220;Escravatura moderna&#8221;. Como funciona o esquema &#8220;um entra, um sai&#8221; de Reino Unido e Fran\u00e7a"},"content":{"rendered":"<p class=\"wp-caption-text top\">Teresa Suarez \/ EPA<\/p>\n<p><img decoding=\"async\" loading=\"lazy\" class=\"wp-image-661398 size-kopa-image-size-3\" src=\"https:\/\/www.europesays.com\/pt\/wp-content\/uploads\/2025\/10\/72c35315d529b6800ada48f5f6cacf53-783x450.jpg\" alt=\"\" width=\"700\" height=\"402\"  \/><\/p>\n<p><strong>\u201cSe tivesse sentido que Fran\u00e7a era segura para mim, nunca teria regressado ao Reino Unido\u201d. O esquema de Starmer e Macron funciona?<\/strong><\/p>\n<p>Um homem que tinha sido enviado para Fran\u00e7a ao abrigo do acordo <strong>\u201cum entra, um sai\u201d<\/strong>, estabelecido entre Londres e Paris, regressou recentemente ao Reino Unido numa pequena embarca\u00e7\u00e3o. Alega ser v\u00edtima de <strong>\u201cescravatura moderna\u201d<\/strong> por parte de redes de contrabando do norte de Fran\u00e7a.<\/p>\n<p>Segundo o jornal brit\u00e2nico <a href=\"https:\/\/www.theguardian.com\/uk-news\/2025\/oct\/22\/man-sent-to-france-under-one-in-one-out-scheme-returns-to-uk-on-small-boat\" data-wpel-link=\"external\" target=\"_blank\" rel=\"nofollow external noopener noreferrer\" class=\"ext-link\">The Guardian<\/a>, o homem, que pretende solicitar asilo no Reino Unido, fez uma nova travessia do Canal da Mancha depois de afirmar que foi explorado e amea\u00e7ado pelos traficantes franceses.<\/p>\n<p>Antes de mais: o que \u00e9 isto do \u201cum entra, um sai\u201d, um acordo \u201chist\u00f3rico\u201d, na perspetiva de Keir Starmer e Emmanuel Macron?<\/p>\n<p>O acordo, firmado em julho entre os dois pa\u00edses, prev\u00ea que migrantes sem documenta\u00e7\u00e3o legal que entrem ilegalmente em territ\u00f3rio brit\u00e2nico possam ser reenviados para Fran\u00e7a, em troca de requerentes de asilo com liga\u00e7\u00e3o ao Reino Unido que nunca tenham cruzado o Canal. As autoridades brit\u00e2nicas det\u00eam migrantes que cheguem em pequenas embarca\u00e7\u00f5es e enviam-nos para Fran\u00e7a; em contrapartida, o Reino Unido admite requerentes de asilo provenientes da Fran\u00e7a que n\u00e3o tenham tentado atravessar o Canal ilegalmente e que possam comprovar la\u00e7os familiares no pa\u00eds.<\/p>\n<p>O primeiro repatriamento ocorreu em setembro. Os migrantes intercetados no Canal t\u00eam supostamente as suas impress\u00f5es biom\u00e9tricas recolhidas no centro de imigra\u00e7\u00e3o de Manston. Os que s\u00e3o considerados eleg\u00edveis para o esquema s\u00e3o detidos, com os seus pedidos declarados inadmiss\u00edveis no Reino Unido, com base na chegada a partir de um pa\u00eds seguro.<\/p>\n<p>\u201cFor\u00e7ado a trabalhar, agredido, amea\u00e7ado de morte\u201d<\/p>\n<p>\u201cSe tivesse sentido que Fran\u00e7a era segura para mim, nunca teria regressado ao Reino Unido\u201d, disse o homem ao jornal brit\u00e2nico.<\/p>\n<p>\u201cOs contrabandistas s\u00e3o muito perigosos, andam sempre armados. Cai numa armadilha de uma rede de tr\u00e1fico humano nas florestas de Fran\u00e7a antes da primeira travessia. Fui for\u00e7ado a trabalhar, agredido e amea\u00e7ado de morte com uma arma\u201d, revela o mesmo homem.<\/p>\n<p>No in\u00edcio de outubro, um grupo de 25 requerentes de asilo devolvidos a Fran\u00e7a no \u00e2mbito do mesmo acordo divulgou uma declara\u00e7\u00e3o conjunta a alertar para as \u201ccondi\u00e7\u00f5es extremamente dif\u00edceis e inseguras\u201d em que vivem.<\/p>\n<p>O Minist\u00e9rio do Interior brit\u00e2nico confirmou no passado domingo que 16 migrantes que tinham chegado ao Reino Unido em pequenas embarca\u00e7\u00f5es foram reenviados para Fran\u00e7a na semana anterior, elevando o total de devolu\u00e7\u00f5es para 42. Em contrapartida, 23 requerentes de asilo com liga\u00e7\u00e3o ao Reino Unido foram transferidos de Fran\u00e7a para solo brit\u00e2nico desde o in\u00edcio do programa.<\/p>\n<p>Um porta-voz do minist\u00e9rio sublinhou que o governo \u201cn\u00e3o tolerar\u00e1 abusos das fronteiras\u201d e garantiu que ser\u00e3o tomadas medidas para \u201cremover todos os que n\u00e3o tenham direito legal a permanecer no pa\u00eds\u201d. Mas at\u00e9 agora, n\u00e3o parece ter sido encontrada uma solu\u00e7\u00e3o eficaz para o controverso esquema.<\/p>\n<p>    <a href=\"https:\/\/zap.aeiou.pt\/subscrever-newsletter\" data-wpel-link=\"internal\" rel=\"nofollow noopener\" target=\"_blank\">&#13;<br \/>\n        <img loading=\"lazy\" decoding=\"async\" class=\"aligncenter size-full wp-image-575475\" src=\"https:\/\/www.europesays.com\/pt\/wp-content\/uploads\/2025\/10\/1759862234_971_2d51fe4a0ba54894421ead1809309ed9-1-450x140.jpg\" alt=\"Subscreva a Newsletter ZAP\" width=\"450\" height=\"140\"\/>&#13;<br \/>\n    <\/a><\/p>\n<p>                <a href=\"https:\/\/whatsapp.com\/channel\/0029VaIC4EE2f3EJZPPSbR34\" data-wpel-link=\"external\" target=\"_blank\" rel=\"nofollow external noopener noreferrer\" class=\"ext-link\">&#13;<br \/>\n                    <img loading=\"lazy\" decoding=\"async\" class=\"aligncenter size-full wp-image-575475\" src=\"https:\/\/www.europesays.com\/pt\/wp-content\/uploads\/2025\/10\/1759862234_512_c68c559d956d4ca20f435ed74a6e71e6.png\" alt=\"Siga-nos no WhatsApp\" width=\"175\" height=\"64\"\/>&#13;<br \/>\n                <\/a><\/p>\n<p>                <a href=\"https:\/\/news.google.com\/publications\/CAAiEHRwZondIV71PDjWNoqMduEqFAgKIhB0cGaJ3SFe9Tw41jaKjHbh?hl=en-US&amp;gl=US&amp;ceid=US%3Aen\" data-wpel-link=\"external\" target=\"_blank\" rel=\"nofollow external noopener noreferrer\" class=\"ext-link\">&#13;<br \/>\n                    <img loading=\"lazy\" decoding=\"async\" class=\"aligncenter size-full wp-image-575475\" src=\"https:\/\/www.europesays.com\/pt\/wp-content\/uploads\/2025\/10\/1759862235_242_5123dd8b087b644fdb8f8603acd1bad4.png\" alt=\"Siga-nos no Google News\" width=\"176\" height=\"64\"\/>&#13;<br \/>\n                <\/a><\/p>\n","protected":false},"excerpt":{"rendered":"Teresa Suarez \/ EPA \u201cSe tivesse sentido que Fran\u00e7a era segura para mim, nunca teria regressado ao Reino&hellip;\n","protected":false},"author":2,"featured_media":126150,"comment_status":"","ping_status":"","sticky":false,"template":"","format":"standard","meta":{"footnotes":""},"categories":[50],"tags":[27,28,637,3026,15,16,208,14,1481,25,26,21,22,1958,62,12,13,19,20,4007,23,24,713,17,18,28945,29,30,31,63,64,65],"class_list":{"0":"post-126149","1":"post","2":"type-post","3":"status-publish","4":"format-standard","5":"has-post-thumbnail","7":"category-mundo","8":"tag-breaking-news","9":"tag-breakingnews","10":"tag-diplomacia","11":"tag-direitos-humanos","12":"tag-featured-news","13":"tag-featurednews","14":"tag-franca","15":"tag-headlines","16":"tag-imigracao","17":"tag-latest-news","18":"tag-latestnews","19":"tag-main-news","20":"tag-mainnews","21":"tag-migracao","22":"tag-mundo","23":"tag-news","24":"tag-noticias","25":"tag-noticias-principais","26":"tag-noticiasprincipais","27":"tag-politica-internacional","28":"tag-principais-noticias","29":"tag-principaisnoticias","30":"tag-reino-unido","31":"tag-top-stories","32":"tag-topstories","33":"tag-trafico-humano","34":"tag-ultimas","35":"tag-ultimas-noticias","36":"tag-ultimasnoticias","37":"tag-world","38":"tag-world-news","39":"tag-worldnews"},"share_on_mastodon":{"url":"","error":"Validation failed: Text character limit of 500 exceeded"},"_links":{"self":[{"href":"https:\/\/www.europesays.com\/pt\/wp-json\/wp\/v2\/posts\/126149","targetHints":{"allow":["GET"]}}],"collection":[{"href":"https:\/\/www.europesays.com\/pt\/wp-json\/wp\/v2\/posts"}],"about":[{"href":"https:\/\/www.europesays.com\/pt\/wp-json\/wp\/v2\/types\/post"}],"author":[{"embeddable":true,"href":"https:\/\/www.europesays.com\/pt\/wp-json\/wp\/v2\/users\/2"}],"replies":[{"embeddable":true,"href":"https:\/\/www.europesays.com\/pt\/wp-json\/wp\/v2\/comments?post=126149"}],"version-history":[{"count":0,"href":"https:\/\/www.europesays.com\/pt\/wp-json\/wp\/v2\/posts\/126149\/revisions"}],"wp:featuredmedia":[{"embeddable":true,"href":"https:\/\/www.europesays.com\/pt\/wp-json\/wp\/v2\/media\/126150"}],"wp:attachment":[{"href":"https:\/\/www.europesays.com\/pt\/wp-json\/wp\/v2\/media?parent=126149"}],"wp:term":[{"taxonomy":"category","embeddable":true,"href":"https:\/\/www.europesays.com\/pt\/wp-json\/wp\/v2\/categories?post=126149"},{"taxonomy":"post_tag","embeddable":true,"href":"https:\/\/www.europesays.com\/pt\/wp-json\/wp\/v2\/tags?post=126149"}],"curies":[{"name":"wp","href":"https:\/\/api.w.org\/{rel}","templated":true}]}}