{"id":126173,"date":"2025-10-25T19:26:06","date_gmt":"2025-10-25T19:26:06","guid":{"rendered":"https:\/\/www.europesays.com\/pt\/126173\/"},"modified":"2025-10-25T19:26:06","modified_gmt":"2025-10-25T19:26:06","slug":"este-presidente-tem-quatro-anos-e-as-casas-ainda-tem-a-minha-fotografia-vieira-voltou-no-seixal-e-apontou-para-o-campus-como-o-futuro-observador","status":"publish","type":"post","link":"https:\/\/www.europesays.com\/pt\/126173\/","title":{"rendered":"&quot;Este presidente tem quatro anos e as Casas ainda t\u00eam a minha fotografia&quot;: Vieira voltou no Seixal (e apontou para o Campus como o futuro) &#8211; Observador"},"content":{"rendered":"<ol>\n<li><a href=\"https:\/\/news.google.com\/rss\/articles\/CBMi-wFBVV95cUxPaVQwMjRnSUY3Nmp1WUFHNldaYVcyQjdGNkQwWmEzN1hrUHZnbjVnN0VneVpBTnl1TXBZZWxOejlBeVZEeF9mRjJWQktLMVZLVTNWR1BqRWF3Yk1OSTlYMjF4OWZ6M1dNN1BkWFM5VnJMQTlHQ1g0TWVNZTVkbmFaLXdNSHE3empjdHBLYVhLSGllYnRGNnFybjltdG5hZ3R3UXlqRVM3Z2o2eGlZU2pUemNDY29wWS1pSVU2cHIzY1Z2VkpaYkV5QXU2dm9OeTNRd01MVHJfcHZhbTFnQ2VhZVNoeUpob1Y3V21OY010aG1BVkQ3ZjhyZzdSVQ?oc=5\" target=\"_blank\" rel=\"nofollow noopener\">&#8220;Este presidente tem quatro anos e as Casas ainda t\u00eam a minha fotografia&#8221;: Vieira voltou no Seixal (e apontou para o Campus como o futuro)<\/a>&nbsp;&nbsp;Observador<\/li>\n<li><a href=\"https:\/\/news.google.com\/rss\/articles\/CBMivwFBVV95cUxPa1Y1MWE3bnY2dzV1NG9IR25TOVoyazZmYW4wUFFRaWZBYkZHRkNVcUpFUkVRdXFCQWhNOWRqNVpnLUVRSHl2blVtV08teHZXWWs0TTRQcXBGVGhKSGlRS2x1UHBxaWNpVkNWS1A4d1hsSFNIQU1zcV83SGRvYXYxRUFmaC1PMGpadm9nLWNGTGpQbXV5eU84REJmWU16UkVYM0JpdTNWSGlDRU9jN3ZTc1M2bHJ5aGMxOHpPYW1Faw?oc=5\" target=\"_blank\" rel=\"nofollow noopener\">\u00abO que se passou na Assembleia-Geral n\u00e3o pode voltar a acontecer\u00bb<\/a>&nbsp;&nbsp;Maisfutebol<\/li>\n<li><a href=\"https:\/\/news.google.com\/rss\/articles\/CBMitAFBVV95cUxNRGhhaFkwcmc5blZVc0ZneEMxRTJHbU1fLXZyTEk1Z2Rxbi13cTdWVkdxNVZ2MzMtaTNzTDRuT2FJclNXMEN3YnpXRFFwbGxlZXZzYm43UmwwN2liRXB3bjRsZFUtSkdUYlRXOVBSQmpJWU9iME41M2UySWdEREZJTjJkWlZhTVlXdG80UGVlWmNkN3Q0dE92MEpSTHpVeF9pa3gzSm9KQjRZVTlaVkROUHlSSUs?oc=5\" target=\"_blank\" rel=\"nofollow noopener\">Elei\u00e7\u00f5es do Benfica. Lu\u00eds Filipe Vieira ao DN: \u201cPassivo da SAD aumentou 100 milh\u00f5es desde 2021\u201d<\/a>&nbsp;&nbsp;Di\u00e1rio de Not\u00edcias<\/li>\n<li><a href=\"https:\/\/news.google.com\/rss\/articles\/CBMisAFBVV95cUxNY3llb0Q1WElrLW92RzdId3ZkUDhtQWJlYTVlZThrbGV1QWdqQ0RmRm1jcTBiSWJQTjJmeE5CVDNLM0N6YTFUSDdKN21oQzl5aURfbDhNSHZHdnRMdnpZY2t3MThjQVBad0ZYNFEwdGRWQ08wcGVqWnBKQ0NNcjhMQ0ZsYXFmWl9oYXNqOFQtdUg5aFdlUy04TWJTX1pjdG52YmZMSTZjX2ZTTkxBZFR6aQ?oc=5\" target=\"_blank\" rel=\"nofollow noopener\">Vieira faz apelo aos adeptos do Benfica: &#8220;Se me derem esse voto&#8230;&#8221;<\/a>&nbsp;&nbsp;Not\u00edcias ao Minuto<\/li>\n<li><a href=\"https:\/\/news.google.com\/rss\/articles\/CBMi_gFBVV95cUxNNThLemFqTHljZHNfaDVYSkxXOUtaUU5nU2RKcTh3bTdBT1REQUVWNmR4ZWpQOXU2R21MdUFpUUN2cXlUX01QbXctWlVhTkM2TVlCcFNSSW1YalFXT2lEelJlV0Q1Rk5jNzFpNlc3SlJua29UZkRLSVRVdEpFS0cxSlJxaWVfOU56c1UtS29xeWZFYWxoVElTbnRKV19PZzZwazZzOVYtVS1pLWlpakd1bU1JOE56N2J6TmZEbDlUNFBCaVJIcE5oRWI4Tk1GV2RkcjJuamNVdFZlbjhnRDNPUnZ0b0hSR1NjVExaUVVwUGxMM3ZSTVBiOEZwY0tGdw?oc=5\" target=\"_blank\" rel=\"nofollow noopener\">Rui Costa e Vieira cumprimentaram-se no debate? H\u00e1 um ajuste de contas? As respostas do ex-presidente do Benfica<\/a>&nbsp;&nbsp;Record<\/li>\n<\/ol>\n","protected":false},"excerpt":{"rendered":"&#8220;Este presidente tem quatro anos e as Casas ainda t\u00eam a minha fotografia&#8221;: Vieira voltou no Seixal (e&hellip;\n","protected":false},"author":2,"featured_media":113901,"comment_status":"","ping_status":"","sticky":false,"template":"","format":"standard","meta":{"footnotes":""},"categories":[144],"tags":[207,205,206,203,201,202,204,114,115,32,33],"class_list":{"0":"post-126173","1":"post","2":"type-post","3":"status-publish","4":"format-standard","5":"has-post-thumbnail","7":"category-arte-e-design","8":"tag-arte","9":"tag-arte-e-design","10":"tag-artedesign","11":"tag-arts","12":"tag-arts-and-design","13":"tag-artsanddesign","14":"tag-design","15":"tag-entertainment","16":"tag-entretenimento","17":"tag-portugal","18":"tag-pt"},"share_on_mastodon":{"url":"https:\/\/pubeurope.com\/@pt\/115436452746418235","error":""},"_links":{"self":[{"href":"https:\/\/www.europesays.com\/pt\/wp-json\/wp\/v2\/posts\/126173","targetHints":{"allow":["GET"]}}],"collection":[{"href":"https:\/\/www.europesays.com\/pt\/wp-json\/wp\/v2\/posts"}],"about":[{"href":"https:\/\/www.europesays.com\/pt\/wp-json\/wp\/v2\/types\/post"}],"author":[{"embeddable":true,"href":"https:\/\/www.europesays.com\/pt\/wp-json\/wp\/v2\/users\/2"}],"replies":[{"embeddable":true,"href":"https:\/\/www.europesays.com\/pt\/wp-json\/wp\/v2\/comments?post=126173"}],"version-history":[{"count":0,"href":"https:\/\/www.europesays.com\/pt\/wp-json\/wp\/v2\/posts\/126173\/revisions"}],"wp:featuredmedia":[{"embeddable":true,"href":"https:\/\/www.europesays.com\/pt\/wp-json\/wp\/v2\/media\/113901"}],"wp:attachment":[{"href":"https:\/\/www.europesays.com\/pt\/wp-json\/wp\/v2\/media?parent=126173"}],"wp:term":[{"taxonomy":"category","embeddable":true,"href":"https:\/\/www.europesays.com\/pt\/wp-json\/wp\/v2\/categories?post=126173"},{"taxonomy":"post_tag","embeddable":true,"href":"https:\/\/www.europesays.com\/pt\/wp-json\/wp\/v2\/tags?post=126173"}],"curies":[{"name":"wp","href":"https:\/\/api.w.org\/{rel}","templated":true}]}}