{"id":126184,"date":"2025-10-25T19:37:13","date_gmt":"2025-10-25T19:37:13","guid":{"rendered":"https:\/\/www.europesays.com\/pt\/126184\/"},"modified":"2025-10-25T19:37:13","modified_gmt":"2025-10-25T19:37:13","slug":"professor-da-faculdade-de-medicina-do-porto-suspenso-por-alegado-assedio-de-alunas-ensino-superior","status":"publish","type":"post","link":"https:\/\/www.europesays.com\/pt\/126184\/","title":{"rendered":"Professor da Faculdade de Medicina do Porto suspenso por alegado ass\u00e9dio de alunas | Ensino Superior"},"content":{"rendered":"<p>A Faculdade de Medicina da Universidade do Porto (FMUP) suspendeu preventivamente um professor ap\u00f3s v\u00e1rias alunas se queixarem de terem sido importunadas por ele nas redes sociais.<\/p>\n<p>&#8220;O director da faculdade[Altamiro da Costa Pereira] determinou a suspens\u00e3o preventiva e imediata do docente em causa e iniciar\u00e1, logo que poss\u00edvel, os procedimentos necess\u00e1rios, visando o apuramento integral dos factos e a consequente tomada de decis\u00f5es quanto ao futuro deste docente na institui\u00e7\u00e3o&#8221;, esclarece a institui\u00e7\u00e3o.<\/p>\n<p>Por mensagem escrita, o professor em quest\u00e3o defende-se alegando roubo de identidade: &#8220;Gostaria de esclarecer, de forma inequ\u00edvoca, que <a href=\"https:\/\/www.publico.pt\/assedio-sexual\" rel=\"nofollow noopener\" target=\"_blank\">nunca assediei ningu\u00e9m<\/a>, seja pessoalmente ou atrav\u00e9s de meios digitais. Trata-se de uma caso de roubo de identidade. Nunca enviei qualquer mensagem e irei apresentar participa\u00e7\u00e3o \u00e0s autoridades competentes&#8221;.<\/p>\n<p>Fonte oficial da reitoria da universidade confirmou que a queixa deu entrada nos servi\u00e7os jur\u00eddicos esta sexta-feira, dia 24. Dizem que o professor as segue nas redes sociais, coloca likes (gosto) em fotos privadas, interage com as stories (hist\u00f3rias em v\u00eddeo partilhadas) e &#8220;manda mensagens inoportunas&#8221;.<\/p>\n<p>&#8220;A ac\u00e7\u00e3o transcende a <a href=\"http:\/\/publico.pt\/2025\/10\/22\/sociedade\/noticia\/candidatos-excluidos-concurso-especial-medicina-fmup-avancaram-queixa-tribunais-2151729?ref=sociedade\" rel=\"nofollow noopener\" target=\"_blank\">Faculdade de Medicina<\/a>. Alunas de outras faculdades relatam casos semelhantes. No nosso caso temos entre 17 e 22 anos e, ap\u00f3s compara\u00e7\u00e3o, verificamos mensagens iguais do referido m\u00e9dico a seis colegas e no mesmo dia (&#8230;) Algumas de n\u00f3s ach\u00e1vamos ser uma rede de uso profissional pelo conte\u00fado publicado, mas quando nos segue, p\u00f5e likes, segue stories, coloca cora\u00e7\u00f5es e manda mensagens a dizer que \u00e9 cirurgi\u00e3o e professor parece-nos grave e inoportuno&#8221;, observam<\/p>\n<p>Face \u00e0 &#8220;gravidade das situa\u00e7\u00f5es relatadas&#8221;, o director da faculdade determinou a suspens\u00e3o preventiva e imediata do docente. A institui\u00e7\u00e3o sublinha, contudo, que at\u00e9 ao dia de hoje a &#8220;direc\u00e7\u00e3o da faculdade, a direc\u00e7\u00e3o do departamento em que o docente exerce fun\u00e7\u00f5es, o respectivo superior hier\u00e1rquico e a associa\u00e7\u00e3o de estudantes da faculdade n\u00e3o tinham recebido qualquer queixa formal, ou sequer informa\u00e7\u00f5es informais, relativamente ao comportamento&#8221; deste profissional.<\/p>\n<p>E assegura que &#8220;todas as den\u00fancias de comportamentos inapropriados s\u00e3o tratadas com a m\u00e1xima seriedade e rigor, independentemente da forma como chegam ao conhecimento da institui\u00e7\u00e3o&#8221;. A Faculdade de Medicina reitera a sua &#8220;total condena\u00e7\u00e3o de qualquer forma de ass\u00e9dio, discrimina\u00e7\u00e3o, intimida\u00e7\u00e3o, retalia\u00e7\u00e3o, viol\u00eancia f\u00edsica ou coa\u00e7\u00e3o moral, em linha com o c\u00f3digo de conduta da Universidade do Porto e com os princ\u00edpios que regem a vida acad\u00e9mica&#8221;. E exprime &#8220;solidariedade e apoio a todas as pessoas que se sintam afectadas por comportamentos desta natureza, nomeadamente \u00e0s denunciantes, e assegura o seu compromisso em garantir que disp\u00f5em de acompanhamento institucional adequado durante o processo de apuramento&#8221; de responsabilidades.<\/p>\n<p>Fonte da reitoria adianta que o procedimento habitual consiste em remeter a participa\u00e7\u00e3o ao director da faculdade, referindo que o caso poder\u00e1 seguir para &#8220;eventual inqu\u00e9rito&#8221;.<\/p>\n<p>As queixosas, que n\u00e3o querem dar o nome por terem, segundo dizem, medo de &#8220;repres\u00e1lias na universidade, na Ordem dos M\u00e9dicos ou na justi\u00e7a&#8221;, acrescentam que o m\u00e9dico e professor orienta &#8220;diversas disserta\u00e7\u00f5es&#8221; e que \u00e9 dirigente da Ordem dos M\u00e9dicos.<\/p>\n<p>O &#8220;m\u00e9dico e professor segue muitas mulheres e, outras, mais velhas queixam-se de igual forma de serem importunadas e perseguidas digitalmente, at\u00e9 porque falamos entre n\u00f3s num grupo com mais de 200 mulheres. Cremos ser uma ac\u00e7\u00e3o reiterada, h\u00e1 casos de mensagens iguais enviadas \u00e0 mesma hora e inadequadas (&#8230;) Ap\u00f3s falarmos entre n\u00f3s verificamos que faz o mesmo com outras mulheres e interage em fotos de crian\u00e7as e envia mensagens&#8221;, relatam.<\/p>\n","protected":false},"excerpt":{"rendered":"A Faculdade de Medicina da Universidade do Porto (FMUP) suspendeu preventivamente um professor ap\u00f3s v\u00e1rias alunas se queixarem&hellip;\n","protected":false},"author":2,"featured_media":126185,"comment_status":"","ping_status":"","sticky":false,"template":"","format":"standard","meta":{"footnotes":""},"categories":[10],"tags":[27,28,28951,4224,15,16,14,25,26,21,22,12,13,19,20,32,23,24,33,28952,58,28950,17,18,29,30,31,17521],"class_list":{"0":"post-126184","1":"post","2":"type-post","3":"status-publish","4":"format-standard","5":"has-post-thumbnail","7":"category-portugal","8":"tag-breaking-news","9":"tag-breakingnews","10":"tag-comissao-de-prevencao-do-assedio-no-ensino-superior","11":"tag-ensino-superior","12":"tag-featured-news","13":"tag-featurednews","14":"tag-headlines","15":"tag-latest-news","16":"tag-latestnews","17":"tag-main-news","18":"tag-mainnews","19":"tag-news","20":"tag-noticias","21":"tag-noticias-principais","22":"tag-noticiasprincipais","23":"tag-portugal","24":"tag-principais-noticias","25":"tag-principaisnoticias","26":"tag-pt","27":"tag-queixas","28":"tag-sociedade","29":"tag-stalking","30":"tag-top-stories","31":"tag-topstories","32":"tag-ultimas","33":"tag-ultimas-noticias","34":"tag-ultimasnoticias","35":"tag-universidade-do-porto"},"share_on_mastodon":{"url":"","error":"Validation failed: Text character limit of 500 exceeded"},"_links":{"self":[{"href":"https:\/\/www.europesays.com\/pt\/wp-json\/wp\/v2\/posts\/126184","targetHints":{"allow":["GET"]}}],"collection":[{"href":"https:\/\/www.europesays.com\/pt\/wp-json\/wp\/v2\/posts"}],"about":[{"href":"https:\/\/www.europesays.com\/pt\/wp-json\/wp\/v2\/types\/post"}],"author":[{"embeddable":true,"href":"https:\/\/www.europesays.com\/pt\/wp-json\/wp\/v2\/users\/2"}],"replies":[{"embeddable":true,"href":"https:\/\/www.europesays.com\/pt\/wp-json\/wp\/v2\/comments?post=126184"}],"version-history":[{"count":0,"href":"https:\/\/www.europesays.com\/pt\/wp-json\/wp\/v2\/posts\/126184\/revisions"}],"wp:featuredmedia":[{"embeddable":true,"href":"https:\/\/www.europesays.com\/pt\/wp-json\/wp\/v2\/media\/126185"}],"wp:attachment":[{"href":"https:\/\/www.europesays.com\/pt\/wp-json\/wp\/v2\/media?parent=126184"}],"wp:term":[{"taxonomy":"category","embeddable":true,"href":"https:\/\/www.europesays.com\/pt\/wp-json\/wp\/v2\/categories?post=126184"},{"taxonomy":"post_tag","embeddable":true,"href":"https:\/\/www.europesays.com\/pt\/wp-json\/wp\/v2\/tags?post=126184"}],"curies":[{"name":"wp","href":"https:\/\/api.w.org\/{rel}","templated":true}]}}