{"id":126208,"date":"2025-10-25T19:54:18","date_gmt":"2025-10-25T19:54:18","guid":{"rendered":"https:\/\/www.europesays.com\/pt\/126208\/"},"modified":"2025-10-25T19:54:18","modified_gmt":"2025-10-25T19:54:18","slug":"maior-edificio-do-mundo-tem-176-milhao-de-m%c2%b2-de-area-construida-e-ceu-que-escurece","status":"publish","type":"post","link":"https:\/\/www.europesays.com\/pt\/126208\/","title":{"rendered":"Maior edif\u00edcio do mundo tem 1,76 milh\u00e3o de m\u00b2 de \u00e1rea constru\u00edda e c\u00e9u que escurece"},"content":{"rendered":"<p>Gigante e sustent\u00e1vel\u00a0<\/p>\n<p>O New Century Global Center \u00e9 tr\u00eas vezes maior do que o Pent\u00e1gono, nos Estados Unidos; dez vezes o shopping de Dubai; em \u00e1rea \u00fatil, supera o Terminal 3 do Aeroporto de Dubai; e o conjunto de torres da Abraj Al- Bait, na Ar\u00e1bia Saudita.\u00a0<\/p>\n<p>Uma preocupa\u00e7\u00e3o dos engenheiros foi o foco em sustentabilidade. Por isso, foram implementados sistemas inteligentes de ventila\u00e7\u00e3o que reduzem o consumo de energia em at\u00e9 30%. Al\u00e9m de pain\u00e9is solares de alta efici\u00eancia.\u00a0<\/p>\n<p>Cerca de 50 mil pessoas visitam esse edif\u00edcio por dia, entre visitantes, h\u00f3spedes e funcion\u00e1rios. O pr\u00e9dio representa o futuro das metr\u00f3poles. Em apenas um complexo, permite juntar o local de dormir, trabalho e entretenimento.\u00a0<\/p>\n","protected":false},"excerpt":{"rendered":"Gigante e sustent\u00e1vel\u00a0 O New Century Global Center \u00e9 tr\u00eas vezes maior do que o Pent\u00e1gono, nos Estados&hellip;\n","protected":false},"author":2,"featured_media":126209,"comment_status":"","ping_status":"","sticky":false,"template":"","format":"standard","meta":{"footnotes":""},"categories":[144],"tags":[207,205,206,203,201,202,358,204,114,115,1187,32,33,110],"class_list":{"0":"post-126208","1":"post","2":"type-post","3":"status-publish","4":"format-standard","5":"has-post-thumbnail","7":"category-arte-e-design","8":"tag-arte","9":"tag-arte-e-design","10":"tag-artedesign","11":"tag-arts","12":"tag-arts-and-design","13":"tag-artsanddesign","14":"tag-china","15":"tag-design","16":"tag-entertainment","17":"tag-entretenimento","18":"tag-fatos-curiosos","19":"tag-portugal","20":"tag-pt","21":"tag-tecnologia"},"share_on_mastodon":{"url":"https:\/\/pubeurope.com\/@pt\/115436562888566903","error":""},"_links":{"self":[{"href":"https:\/\/www.europesays.com\/pt\/wp-json\/wp\/v2\/posts\/126208","targetHints":{"allow":["GET"]}}],"collection":[{"href":"https:\/\/www.europesays.com\/pt\/wp-json\/wp\/v2\/posts"}],"about":[{"href":"https:\/\/www.europesays.com\/pt\/wp-json\/wp\/v2\/types\/post"}],"author":[{"embeddable":true,"href":"https:\/\/www.europesays.com\/pt\/wp-json\/wp\/v2\/users\/2"}],"replies":[{"embeddable":true,"href":"https:\/\/www.europesays.com\/pt\/wp-json\/wp\/v2\/comments?post=126208"}],"version-history":[{"count":0,"href":"https:\/\/www.europesays.com\/pt\/wp-json\/wp\/v2\/posts\/126208\/revisions"}],"wp:featuredmedia":[{"embeddable":true,"href":"https:\/\/www.europesays.com\/pt\/wp-json\/wp\/v2\/media\/126209"}],"wp:attachment":[{"href":"https:\/\/www.europesays.com\/pt\/wp-json\/wp\/v2\/media?parent=126208"}],"wp:term":[{"taxonomy":"category","embeddable":true,"href":"https:\/\/www.europesays.com\/pt\/wp-json\/wp\/v2\/categories?post=126208"},{"taxonomy":"post_tag","embeddable":true,"href":"https:\/\/www.europesays.com\/pt\/wp-json\/wp\/v2\/tags?post=126208"}],"curies":[{"name":"wp","href":"https:\/\/api.w.org\/{rel}","templated":true}]}}