{"id":126216,"date":"2025-10-25T20:03:10","date_gmt":"2025-10-25T20:03:10","guid":{"rendered":"https:\/\/www.europesays.com\/pt\/126216\/"},"modified":"2025-10-25T20:03:10","modified_gmt":"2025-10-25T20:03:10","slug":"tomas-correia-acusado-de-abuso-de-confianca-e-branqueamento-observador","status":"publish","type":"post","link":"https:\/\/www.europesays.com\/pt\/126216\/","title":{"rendered":"Tom\u00e1s Correia acusado de abuso de confian\u00e7a e branqueamento \u2013 Observador"},"content":{"rendered":"<p>Tom\u00e1s Correia, ex-l\u00edder do Grupo Caixa Econ\u00f3mica Montepio Geral, e dois gestores do Finibanco Angola foram acusados pelo Departamento de Investiga\u00e7\u00e3o e A\u00e7\u00e3o Penal (DIAP) Regional de Lisboa dos crimes de de abuso de confian\u00e7a e de branqueamento de capitais. Os empres\u00e1rios Paulo Guilherme, filho do empreiteiro Jos\u00e9 Guilherme (<a href=\"https:\/\/observador.pt\/2024\/08\/22\/morreu-jose-guilherme-o-construtor-que-deu-14-milhoes-de-euros-a-ricardo-salgado\/\" rel=\"nofollow noopener\" target=\"_blank\">falecido em agosto de 2024<\/a>), e Eurico de Brito foram igualmente acusados do crime de abuso de confian\u00e7a em regime de co-autoria.<\/p>\n<p>Tom\u00e1s Correia, Ant\u00f3nio Pontes e Lu\u00eds Almeida (estes dois \u00faltimos gestores do Finibanco Angola) foram acusados pelo DIAP Regional de Lisboa de terem provocado um alegado preju\u00edzo de cerca de<strong> \u201c35.944.960 d\u00f3lares\u201d <\/strong>(cerca de<strong> 30,9 milh\u00f5es de euros<\/strong> ao c\u00e2mbio desta quinta-feira) ao Finibanco Angola e a todo Grupo Montepio Geral, segundo se l\u00ea no despacho de acusa\u00e7\u00e3o a que o Observador teve acesso.<\/p>\n<p>Est\u00e1 em causa um neg\u00f3cio realizado em 2013 em Luanda entre o Finibanco Angola e uma sociedade imobili\u00e1ria detida pela fam\u00edlia de Paulo Guilherme (e do seu sogro Eurico de Brito) para a constru\u00e7\u00e3o da nova sede daquele banco angolano que na altura fazia parte do Grupo Montepio Geral \u2014 mas que foi totalmente alienado em agosto de 2023 aos nigerianos do Access Bank.<\/p>\n<p>O neg\u00f3cio imobili\u00e1rio em causa \u00e9 complexo porque tem outras opera\u00e7\u00f5es associadas, como a compra de unidades de participa\u00e7\u00e3o (UP) do Fundo de Participa\u00e7\u00e3o da Caixa Econ\u00f3mica Montepio Geral atrav\u00e9s do Finibanco Angola \u2014 unidades de participa\u00e7\u00e3o essas que serviram, na pr\u00e1tica, para dar liquidez \u00e0 caixa econ\u00f3mica portuguesa, como a CNN Portugal j\u00e1 tinha <a href=\"https:\/\/cnnportugal.iol.pt\/tomas-correia\/montepio\/o-grande-esquema-dos-creditos-do-montepio\/20250711\/687180b8d34ef72ee4483baa\u00b4\" rel=\"nofollow noopener\" target=\"_blank\">noticiado <\/a>recentemente. Paulo Guilherme, por exemplo, ter\u00e1 investido cerca de <strong>18 milh\u00f5es de euros<\/strong> em UP\u2019s do Montepio, mas com cr\u00e9dito do Finibanco de Angola.<\/p>\n<p>O neg\u00f3cio imobili\u00e1rio com uma sociedade de Paulo Guilherme e do seu sogro Eurico de Brito para a compra de um edif\u00edcio que serviria de nova sede para o Finibanco Angola ter\u00e1 sido uma esp\u00e9cie de compensa\u00e7\u00e3o por esse investimento nas UP\u2019s do Montepio, sendo que o neg\u00f3cio foi avaliado em cerca de<strong> 99 milh\u00f5es de d\u00f3lares<\/strong> (cerca de <strong>85,2 milh\u00f5es de euros<\/strong> ao c\u00e2mbio desta quinta-feira), segundo a CNN Portugal.<\/p>\n<p>\u00c9 precisamente por isso que a procuradora Maria Isabel Santos, que assina o despacho de acusa\u00e7\u00e3o datado de 10 de outubro, imputa um crime de abuso de confian\u00e7a a Tom\u00e1s Correia e aos restantes quatro arguidos pelo \u201cuso do Finibanco Angola na aquisi\u00e7\u00e3o de um edif\u00edcio de que n\u00e3o carecia e nunca utilizou\u201d, tudo para \u201csatisfazer o pagamento dos cr\u00e9ditos contra\u00eddos para a aquisi\u00e7\u00e3o das UP\u2019s do Fundo de Participa\u00e7\u00e3o da Caixa Econ\u00f3mica Montepio Geral\u201d, l\u00ea-se no despacho de acusa\u00e7\u00e3o.<\/p>\n<p>J\u00e1 o crime de branqueamento de capitais \u00e9 imputado apenas a Tom\u00e1s Correia, a Ant\u00f3nio Pontes e a Lu\u00eds Almeida, devido a um empr\u00e9stimo do Finibanco Angola para \u201cevitar que fosse levantada a quest\u00e3o da transfer\u00eancia para a Caixa Econ\u00f3mica Montepio Geral dos fundos necess\u00e1rios para a subscri\u00e7\u00e3o das UP\u2019s e se descobrisse a proveni\u00eancia dos mesmos\u201d, escreve a procuradora Maria Isabel Santos.<\/p>\n<p>A procuradora do DIAP Regional de Lisboa entende igualmente que Tom\u00e1s Correia, Ant\u00f3nio Pontes e Lu\u00eds Almeida n\u00e3o respeitaram os deveres de promo\u00e7\u00e3o de \u201cuma gest\u00e3o eficiente e transparente\u201d das institui\u00e7\u00f5es banc\u00e1rias que geriam e ter\u00e3o utilizado, segundo o MP, \u201cos recursos financeiros da Caixa Econ\u00f3mica Montepio Geral e Finibanco Angola, cuja gest\u00e3o lhes estava entregue ao seu cuidado, em seu benef\u00edcio pessoal, como se lhes pertencessem\u201d.<\/p>\n<p>Segundo o despacho de acusa\u00e7\u00e3o do MP, os tr\u00eas gestores \u201ccausaram\u201d ao Finibanco Angola e a todo Grupo Montepio Geral um preju\u00edzo\u201d no montante de cerca de <strong>35.944.960 d\u00f3lares<\/strong>\u201c, cerca de <strong>30,9 milh\u00f5es de euros<\/strong> ao c\u00e2mbio atual.<\/p>\n<p>O construtor Jos\u00e9 Guilherme foi desde o in\u00edcio um dos principais arguidos neste inqu\u00e9rito, mas a sua morte em agosto de 2024 fez com que o procedimento criminal fosse extinto contra a sua pessoa. O mesmo aconteceu com Jo\u00e3o Alves Rodrigues.<\/p>\n<p>                    <strong>Tem um minuto?<\/strong><br \/>O Observador est\u00e1 a realizar junto dos seus leitores um curto estudo de apenas quatro perguntas. <a href=\"https:\/\/observador.typeform.com\/to\/DnJJ0FZQ\" target=\"_blank\" style=\"text-decoration: underline; color:#262626;\" rel=\"nofollow noopener\">Responda aqui<\/a>.<\/p>\n","protected":false},"excerpt":{"rendered":"Tom\u00e1s Correia, ex-l\u00edder do Grupo Caixa Econ\u00f3mica Montepio Geral, e dois gestores do Finibanco Angola foram acusados pelo&hellip;\n","protected":false},"author":2,"featured_media":126217,"comment_status":"","ping_status":"","sticky":false,"template":"","format":"standard","meta":{"footnotes":""},"categories":[83],"tags":[475,88,476,89,90,300,6856,28960,32,33],"class_list":{"0":"post-126216","1":"post","2":"type-post","3":"status-publish","4":"format-standard","5":"has-post-thumbnail","7":"category-empresas","8":"tag-banca","9":"tag-business","10":"tag-economia","11":"tag-economy","12":"tag-empresas","13":"tag-justiu00e7a","14":"tag-ministu00e9rio-pu00fablico","15":"tag-montepio","16":"tag-portugal","17":"tag-pt"},"share_on_mastodon":{"url":"https:\/\/pubeurope.com\/@pt\/115436598352230242","error":""},"_links":{"self":[{"href":"https:\/\/www.europesays.com\/pt\/wp-json\/wp\/v2\/posts\/126216","targetHints":{"allow":["GET"]}}],"collection":[{"href":"https:\/\/www.europesays.com\/pt\/wp-json\/wp\/v2\/posts"}],"about":[{"href":"https:\/\/www.europesays.com\/pt\/wp-json\/wp\/v2\/types\/post"}],"author":[{"embeddable":true,"href":"https:\/\/www.europesays.com\/pt\/wp-json\/wp\/v2\/users\/2"}],"replies":[{"embeddable":true,"href":"https:\/\/www.europesays.com\/pt\/wp-json\/wp\/v2\/comments?post=126216"}],"version-history":[{"count":0,"href":"https:\/\/www.europesays.com\/pt\/wp-json\/wp\/v2\/posts\/126216\/revisions"}],"wp:featuredmedia":[{"embeddable":true,"href":"https:\/\/www.europesays.com\/pt\/wp-json\/wp\/v2\/media\/126217"}],"wp:attachment":[{"href":"https:\/\/www.europesays.com\/pt\/wp-json\/wp\/v2\/media?parent=126216"}],"wp:term":[{"taxonomy":"category","embeddable":true,"href":"https:\/\/www.europesays.com\/pt\/wp-json\/wp\/v2\/categories?post=126216"},{"taxonomy":"post_tag","embeddable":true,"href":"https:\/\/www.europesays.com\/pt\/wp-json\/wp\/v2\/tags?post=126216"}],"curies":[{"name":"wp","href":"https:\/\/api.w.org\/{rel}","templated":true}]}}