{"id":126218,"date":"2025-10-25T20:04:34","date_gmt":"2025-10-25T20:04:34","guid":{"rendered":"https:\/\/www.europesays.com\/pt\/126218\/"},"modified":"2025-10-25T20:04:34","modified_gmt":"2025-10-25T20:04:34","slug":"nova-zelandia-as-imagens-dos-acampamentos-secretos-de-tom-phillips-o-pai-que-escondeu-os-filhos-do-mundo-durante-quase-quatro-anos","status":"publish","type":"post","link":"https:\/\/www.europesays.com\/pt\/126218\/","title":{"rendered":"Nova Zel\u00e2ndia. As imagens dos acampamentos secretos de Tom Phillips, o pai que escondeu os filhos do mundo durante quase quatro anos"},"content":{"rendered":"<p>\t                Novas fotografias, divulgadas pela pol\u00edcia neozelandesa em 24 de outubro de 2025, mostram as condi\u00e7\u00f5es de vida em dois acampamentos-chave utilizados por Tom Phillips durante o tempo em que esteve em fuga com os seus tr\u00eas filhos<\/p>\n<p>A pol\u00edcia que est\u00e1 a investigar a forma como um pai escondeu os seus filhos do mundo durante quase quatro anos na densa regi\u00e3o selvagem da Nova Zel\u00e2ndia divulgou novas imagens de dois acampamentos improvisados onde, segundo acreditam, a fam\u00edlia passava a maior parte do tempo.<\/p>\n<p>As fotografias dos esconderijos remotos utilizados por Tom Phillips, que foi morto a tiro pela pol\u00edcia no m\u00eas passado, mostram dois grandes acampamentos \u201c consolidados \u201d que estavam \u201c fortemente escondidos \u201d pela vegeta\u00e7\u00e3o densa, a norte e a leste de Marokopa, na costa ocidental do pa\u00eds.<\/p>\n<p>Os detetives acreditam que estes eram os principais ref\u00fagios da fam\u00edlia, permitindo a Phillips navegar entre a costa, as terras agr\u00edcolas e a natureza selvagem com os seus tr\u00eas filhos de 9 a 12 anos.<\/p>\n<p>As bases secretas ajudaram a fam\u00edlia a viver sem ser descoberta at\u00e9 que a pol\u00edcia finalmente localizou Phillips <a href=\"https:\/\/www.cnn.com\/2025\/09\/09\/world\/new-zealand-tom-phillips-fugitive-father-intl-hnk-dst\" target=\"_blank\" rel=\"nofollow noopener\">na madrugada de 8 de setembro<\/a> e recuperou as crian\u00e7as das profundezas da floresta.<\/p>\n<p>As imagens divulgadas na sexta-feira mostram um local a norte com uma cabana de madeira feita de troncos e coberta com o que parece ser um telhado de palha, com as paredes parcialmente expostas aos elementos.<\/p>\n<p>Uma imagem do interior mostra um ch\u00e3o h\u00famido e lamacento, um balde de pl\u00e1stico, dois jerry cans parcialmente cheios e uma corda grossa amarrada a um cepo sobre um poste de madeira.<\/p>\n<p>Uma imagem a\u00e9rea do esconderijo a leste capta-o como um mero ponto sob uma extensa copa de \u00e1rvore.<\/p>\n<p>Imagens mais pr\u00f3ximas revelam uma estrutura mais substancial com um telhado pontiagudo, feito de troncos e folhagem, abrigando uma mesa de troncos e v\u00e1rios sacos, corda e um capacete pendurados nas vigas que est\u00e3o cobertas por uma lona de pl\u00e1stico.<\/p>\n<p> <img decoding=\"async\" alt=\"\" src=\"https:\/\/www.europesays.com\/pt\/wp-content\/uploads\/2025\/10\/1761422673_750_f_webp.webp\" width=\"600\"\/> <\/p>\n<p>   O parque de campismo a leste de Marokopa, acima, era composto por uma estrutura b\u00e1sica de madeira com um telhado de lona pl\u00e1stica embutido na folhagem circundante\u00a0<strong>Pol\u00edcia da Nova Zel\u00e2ndia<\/strong> <\/p>\n<p>Uma fotografia adicional mostra um abrigo baixo, com altura apenas suficiente para se sentar na vertical, coberto de folhagem que camufla a localiza\u00e7\u00e3o da fam\u00edlia.<\/p>\n<p>As autoridades disseram que trope\u00e7ar nestes locais por acaso teria sido quase imposs\u00edvel e que aproximar-se de Phillips em tais circunst\u00e2ncias \u201cteria sido extremamente perigoso\u201d.<\/p>\n<p>\u201cComo dissemos anteriormente, sab\u00edamos que ele tinha armas de fogo e que estava motivado para as usar\u201d, declarou o detetive superintendente Ross McKay.<\/p>\n<p>Os investigadores retiraram uma s\u00e9rie de artigos dos campos para an\u00e1lise forense, como parte dos inqu\u00e9ritos em curso para identificar qualquer pessoa que possa ter ajudado Phillips durante o seu tempo de fuga.<\/p>\n<p>\u201cContinuamos a fazer bons progressos e acreditamos que ele foi ajudado por um pequeno n\u00famero de pessoas em diferentes fases ao longo dos \u00faltimos quatro anos\u201d, acrescentou McKay.<\/p>\n<p>Phillips, que provinha de uma fam\u00edlia de agricultores de Marokopa, desapareceu com os filhos na selva acidentada durante uma amarga separa\u00e7\u00e3o familiar em dezembro de 2021.<\/p>\n<p>Inicialmente, Phillips era procurado por n\u00e3o ter comparecido em tribunal sob a acusa\u00e7\u00e3o de desperd\u00edcio de recursos policiais, mas, ao longo de quase quatro anos, a sua folha de acusa\u00e7\u00f5es tornou-se mais longa e mais grave, com alega\u00e7\u00f5es de que tinha assaltado um banco em maio de 2023.<\/p>\n<p>A pol\u00edcia mobilizou equipas de busca, helic\u00f3pteros e avi\u00f5es para investigar avistamentos espor\u00e1dicos, at\u00e9 que finalmente o confrontou numa estrada rural e disparou contra ele, que atingiu e feriu um agente.<\/p>\n<p>O filho mais velho estava com ele quando foi morto a tiro pela pol\u00edcia. Os outros dois irm\u00e3os foram encontrados horas mais tarde, sozinhos no acampamento.<\/p>\n<p> <img decoding=\"async\" alt=\"\" src=\"https:\/\/www.europesays.com\/pt\/wp-content\/uploads\/2025\/10\/1761422673_214_f_webp.webp\" width=\"600\"\/> <\/p>\n<p>   Uma vista a\u00e9rea do acampamento a leste de Marokopa ilustra a forma como Phillips viveu no mato denso, escapando \u00e0 pol\u00edcia durante quase quatro anos. <strong>Pol\u00edcia da Nova Zel\u00e2ndia<\/strong> <\/p>\n<p> <img decoding=\"async\" alt=\"\" src=\"https:\/\/www.europesays.com\/pt\/wp-content\/uploads\/2025\/10\/1761422674_377_f_webp.webp\" width=\"600\"\/> <\/p>\n<p>   Uma segunda base importante, na foto, a norte de Marokopa, inclu\u00eda uma cabana de madeira com um telhado de colmo e uma porta. <strong>Pol\u00edcia da Nova Zel\u00e2ndia<\/strong> <\/p>\n<p> <img decoding=\"async\" alt=\"\" src=\"https:\/\/www.europesays.com\/pt\/wp-content\/uploads\/2025\/10\/1761422674_385_f_webp.webp\" width=\"600\"\/> <\/p>\n<p>   Entre os objetos encontrados no acampamento do norte havia um balde de pl\u00e1stico e dois jerry cans, vistos na foto acima. <strong>Pol\u00edcia da Nova Zel\u00e2ndia<\/strong> <\/p>\n","protected":false},"excerpt":{"rendered":"Novas fotografias, divulgadas pela pol\u00edcia neozelandesa em 24 de outubro de 2025, mostram as condi\u00e7\u00f5es de vida em&hellip;\n","protected":false},"author":2,"featured_media":126219,"comment_status":"","ping_status":"","sticky":false,"template":"","format":"standard","meta":{"footnotes":""},"categories":[50],"tags":[609,611,27,28,607,608,610,15,16,830,14,82,25,26,570,21,22,28962,62,12,13,19,20,3847,1086,23,24,3813,839,28961,17,18,840,29,30,31,63,64,65,3814],"class_list":{"0":"post-126218","1":"post","2":"type-post","3":"status-publish","4":"format-standard","5":"has-post-thumbnail","7":"category-mundo","8":"tag-alerta","9":"tag-ao-minuto","10":"tag-breaking-news","11":"tag-breakingnews","12":"tag-cnn","13":"tag-cnn-portugal","14":"tag-direto","15":"tag-featured-news","16":"tag-featurednews","17":"tag-guerra","18":"tag-headlines","19":"tag-internacional","20":"tag-latest-news","21":"tag-latestnews","22":"tag-live","23":"tag-main-news","24":"tag-mainnews","25":"tag-marokopa","26":"tag-mundo","27":"tag-news","28":"tag-noticias","29":"tag-noticias-principais","30":"tag-noticiasprincipais","31":"tag-nova-zelandia","32":"tag-policia","33":"tag-principais-noticias","34":"tag-principaisnoticias","35":"tag-putin","36":"tag-russia","37":"tag-tom-phillips","38":"tag-top-stories","39":"tag-topstories","40":"tag-ucrania","41":"tag-ultimas","42":"tag-ultimas-noticias","43":"tag-ultimasnoticias","44":"tag-world","45":"tag-world-news","46":"tag-worldnews","47":"tag-zelensky"},"share_on_mastodon":{"url":"","error":"Validation failed: Text character limit of 500 exceeded"},"_links":{"self":[{"href":"https:\/\/www.europesays.com\/pt\/wp-json\/wp\/v2\/posts\/126218","targetHints":{"allow":["GET"]}}],"collection":[{"href":"https:\/\/www.europesays.com\/pt\/wp-json\/wp\/v2\/posts"}],"about":[{"href":"https:\/\/www.europesays.com\/pt\/wp-json\/wp\/v2\/types\/post"}],"author":[{"embeddable":true,"href":"https:\/\/www.europesays.com\/pt\/wp-json\/wp\/v2\/users\/2"}],"replies":[{"embeddable":true,"href":"https:\/\/www.europesays.com\/pt\/wp-json\/wp\/v2\/comments?post=126218"}],"version-history":[{"count":0,"href":"https:\/\/www.europesays.com\/pt\/wp-json\/wp\/v2\/posts\/126218\/revisions"}],"wp:featuredmedia":[{"embeddable":true,"href":"https:\/\/www.europesays.com\/pt\/wp-json\/wp\/v2\/media\/126219"}],"wp:attachment":[{"href":"https:\/\/www.europesays.com\/pt\/wp-json\/wp\/v2\/media?parent=126218"}],"wp:term":[{"taxonomy":"category","embeddable":true,"href":"https:\/\/www.europesays.com\/pt\/wp-json\/wp\/v2\/categories?post=126218"},{"taxonomy":"post_tag","embeddable":true,"href":"https:\/\/www.europesays.com\/pt\/wp-json\/wp\/v2\/tags?post=126218"}],"curies":[{"name":"wp","href":"https:\/\/api.w.org\/{rel}","templated":true}]}}