{"id":126251,"date":"2025-10-25T20:33:11","date_gmt":"2025-10-25T20:33:11","guid":{"rendered":"https:\/\/www.europesays.com\/pt\/126251\/"},"modified":"2025-10-25T20:33:11","modified_gmt":"2025-10-25T20:33:11","slug":"ipma-eleva-para-laranja-aviso-de-mau-tempo-em-cinco-distritos-meteorologia","status":"publish","type":"post","link":"https:\/\/www.europesays.com\/pt\/126251\/","title":{"rendered":"IPMA eleva para laranja aviso de mau tempo em cinco distritos | Meteorologia"},"content":{"rendered":"<p>O aviso meteorol\u00f3gico do Instituto Portugu\u00eas do Mar e da Atmosfera (IPMA) este s\u00e1bado em vigor devido \u00e0 previs\u00e3o de chuva forte foi agravado para laranja nos distritos de Aveiro, Coimbra, Guarda, Leiria e Viseu.<\/p>\n<p>Estes cinco distritos passam assim a estar sob aviso laranja, o interm\u00e9dio numa escala de tr\u00eas, at\u00e9 \u00e0s 15 horas deste s\u00e1bado, per\u00edodo durante o qual est\u00e1 prevista &#8220;precipita\u00e7\u00e3o forte e persistente&#8221;.<\/p>\n<p>Sob aviso amarelo, o menos grave, continuam at\u00e9 \u00e0s 15 horas os distritos de Castelo Branco, Lisboa, Portalegre e Santar\u00e9m, por causa da chuva forte, enquanto no Porto este alerta termina mais cedo, pelas 12 horas.<\/p>\n<p>O estado do tempo em Portugal continental, em especial as regi\u00f5es do Norte e Centro, est\u00e1 a ser afectado pelos efeitos da<a href=\"https:\/\/www.publico.pt\/2025\/10\/22\/azul\/noticia\/depressao-benjamin-agrava-estado-tempo-partir-quartafeira-2151783\" rel=\"nofollow noopener\" target=\"_blank\"> depress\u00e3o Benjamin<\/a>.<\/p>\n<p>Para este s\u00e1bado, o IPMA prev\u00ea c\u00e9u muito nublado ou encoberto, com precipita\u00e7\u00e3o por vezes forte e persistente nas regi\u00f5es Norte e Centro, sendo fraca no Baixo Alentejo e no Algarve. Aponta ainda para uma pequena descida da temperatura m\u00e1xima no Norte, no Centro e no Algarve.<\/p>\n","protected":false},"excerpt":{"rendered":"O aviso meteorol\u00f3gico do Instituto Portugu\u00eas do Mar e da Atmosfera (IPMA) este s\u00e1bado em vigor devido \u00e0&hellip;\n","protected":false},"author":2,"featured_media":126252,"comment_status":"","ping_status":"","sticky":false,"template":"","format":"standard","meta":{"footnotes":""},"categories":[10],"tags":[785,27,28,2139,2271,15,16,14,350,25,26,21,22,606,12,13,19,20,32,23,24,33,17,18,29,30,31],"class_list":{"0":"post-126251","1":"post","2":"type-post","3":"status-publish","4":"format-standard","5":"has-post-thumbnail","7":"category-portugal","8":"tag-azul","9":"tag-breaking-news","10":"tag-breakingnews","11":"tag-chuva","12":"tag-clima","13":"tag-featured-news","14":"tag-featurednews","15":"tag-headlines","16":"tag-ipma","17":"tag-latest-news","18":"tag-latestnews","19":"tag-main-news","20":"tag-mainnews","21":"tag-meteorologia","22":"tag-news","23":"tag-noticias","24":"tag-noticias-principais","25":"tag-noticiasprincipais","26":"tag-portugal","27":"tag-principais-noticias","28":"tag-principaisnoticias","29":"tag-pt","30":"tag-top-stories","31":"tag-topstories","32":"tag-ultimas","33":"tag-ultimas-noticias","34":"tag-ultimasnoticias"},"share_on_mastodon":{"url":"https:\/\/pubeurope.com\/@pt\/115436716398436328","error":""},"_links":{"self":[{"href":"https:\/\/www.europesays.com\/pt\/wp-json\/wp\/v2\/posts\/126251","targetHints":{"allow":["GET"]}}],"collection":[{"href":"https:\/\/www.europesays.com\/pt\/wp-json\/wp\/v2\/posts"}],"about":[{"href":"https:\/\/www.europesays.com\/pt\/wp-json\/wp\/v2\/types\/post"}],"author":[{"embeddable":true,"href":"https:\/\/www.europesays.com\/pt\/wp-json\/wp\/v2\/users\/2"}],"replies":[{"embeddable":true,"href":"https:\/\/www.europesays.com\/pt\/wp-json\/wp\/v2\/comments?post=126251"}],"version-history":[{"count":0,"href":"https:\/\/www.europesays.com\/pt\/wp-json\/wp\/v2\/posts\/126251\/revisions"}],"wp:featuredmedia":[{"embeddable":true,"href":"https:\/\/www.europesays.com\/pt\/wp-json\/wp\/v2\/media\/126252"}],"wp:attachment":[{"href":"https:\/\/www.europesays.com\/pt\/wp-json\/wp\/v2\/media?parent=126251"}],"wp:term":[{"taxonomy":"category","embeddable":true,"href":"https:\/\/www.europesays.com\/pt\/wp-json\/wp\/v2\/categories?post=126251"},{"taxonomy":"post_tag","embeddable":true,"href":"https:\/\/www.europesays.com\/pt\/wp-json\/wp\/v2\/tags?post=126251"}],"curies":[{"name":"wp","href":"https:\/\/api.w.org\/{rel}","templated":true}]}}