{"id":126257,"date":"2025-10-25T20:38:12","date_gmt":"2025-10-25T20:38:12","guid":{"rendered":"https:\/\/www.europesays.com\/pt\/126257\/"},"modified":"2025-10-25T20:38:12","modified_gmt":"2025-10-25T20:38:12","slug":"cristiana-jesus-tem-ato-de-limite-com-o-filho-e-desabafa-a-verdade-assusta","status":"publish","type":"post","link":"https:\/\/www.europesays.com\/pt\/126257\/","title":{"rendered":"Cristiana Jesus tem &#8220;ato de limite&#8221; com o filho e desabafa: &#8220;A verdade assusta&#8221;"},"content":{"rendered":"<p>\u00c9 uma das not\u00edcias que est\u00e1 a marcar a atualidade portuguesa: <a href=\"https:\/\/selfie.iol.pt\/famosos\/susana-gravato\/dor-e-consternacao-marcam-o-ultimo-adeus-a-susana-gravato\/20251025\/68fcbd23d34e58bc67974cea\" target=\"_blank\" rel=\"nofollow noopener\">Susana Gravato<\/a>, vereadora de Vagos, ter\u00e1 sido assassinada pelo pr\u00f3prio filho, um adolescente de 14 anos.<\/p>\n<p>Sem conseguir ficar indiferente, <a href=\"https:\/\/selfie.iol.pt\/famosos\/casa-dos-segredos\/cristiana-jesus-passa-por-mudanca-drastica-no-rosto-demora-ate-um-ano\/20251018\/68f37a48d34e58bc679708c3\" target=\"_blank\" rel=\"nofollow noopener\">Cristiana Jesus<\/a> partilhou, no Instagram, uma reflex\u00e3o sobre parentalidade.<\/p>\n<p>&#8220;Vivemos num mundo em que as m\u00e3es s\u00e3o quase proibidas at\u00e9 de tocar. N\u00e3o se pode levantar a voz, n\u00e3o se pode dizer n\u00e3o, e Deus nos livre de levantar a m\u00e3o para dar uma palmadinha no rabiosque quando \u00e9 necess\u00e1rio. Porque vem logo algu\u00e9m dizer que \u00e9 viol\u00eancia&#8221;, assinalou a ex-concorrente de &#8220;<a href=\"https:\/\/tvi.iol.pt\/secretstory\/\" target=\"_blank\" rel=\"nofollow noopener\">Secret Story &#8211; Casa dos Segredos<\/a>&#8220;.<\/p>\n<p>De seguida, Cristiana Jesus assumiu: &#8220;Sim, j\u00e1 dei uma palmadinha no rabiosque do meu filho [Guilherme, de cinco anos, fruto do casamento com <a href=\"https:\/\/selfie.iol.pt\/famosos\/virginia-fonseca\/claudio-alegre-lanca-farpa-a-conhecida-apresentadora-depois-disto-vou-precisar-de-10-anos-para-fazer-o-meu-luto\/20251012\/68eba6e8d34e58bc6796cc1d\" target=\"_blank\" rel=\"nofollow noopener\">Cl\u00e1udio Alegre<\/a>]. N\u00e3o por raiva, n\u00e3o por descontrolo, mas porque ele passou dos limites. Foi porque o di\u00e1logo, o aviso, o olhar firme e as consequ\u00eancias j\u00e1 n\u00e3o bastavam.&#8221;<\/p>\n<p>Imediatamente, estas palavras dividiram opini\u00f5es. E, entretanto, a influenciadora digital decidiu frisar, numa outra publica\u00e7\u00e3o, a mensagem que pretendia transmitir: &#8220;J\u00e1 aconteceu dar uma palmadinha no meu filho, porque todas as outras op\u00e7\u00f5es falharam. O di\u00e1logo, o olhar firme, a explica\u00e7\u00e3o, o momento de reflex\u00e3o&#8230; nada resultava. E foi um ato de limite, n\u00e3o de raiva. Uma exce\u00e7\u00e3o num contexto de respeito.&#8221;<\/p>\n<p>&#8220;Se uma crian\u00e7a de cinco anos, hoje, me falta ao respeito e n\u00e3o entende que isso \u00e9 grave, que n\u00e3o o pode fazer, quando for mais tarde, ser\u00e1 bem pior. Mas parece que, hoje em dia, \u00e9 mais f\u00e1cil julgar do que ouvir com aten\u00e7\u00e3o&#8221;, acrescentou, antes de concluir: &#8220;Falar de parentalidade real \u00e9 arriscado, porque a verdade assusta. Continuo a preferir ser honesta, mesmo que incomode. Desculpem.&#8221;<\/p>\n<p>Veja, agora, algumas das melhores imagens de Cristiana Jesus nas galerias de fotografias que prepar\u00e1mos para si.<\/p>\n<blockquote class=\"instagram-media\" data-instgrm-captioned=\"\" data-instgrm-permalink=\"https:\/\/www.instagram.com\/reel\/DQKWH9VCEtn\/?utm_source=ig_embed&amp;utm_campaign=loading\" data-instgrm-version=\"14\" style=\" background:#FFF; border:0; border-radius:3px; box-shadow:0 0 1px 0 rgba(0,0,0,0.5),0 1px 10px 0 rgba(0,0,0,0.15); margin: 1px; max-width:540px; min-width:326px; padding:0; width:99.375%; width:-webkit-calc(100% - 2px); width:calc(100% - 2px);\">\n<\/blockquote>\n<p><img decoding=\"async\" alt=\"\" onclick=\"\" src=\"https:\/\/www.europesays.com\/pt\/wp-content\/uploads\/2025\/10\/1761424692_128_1024.jpeg\" title=\"Cristiana Jesus\"\/><\/p>\n<p>                        <script async src=\"\/\/www.instagram.com\/embed.js\"><\/script><\/p>\n","protected":false},"excerpt":{"rendered":"\u00c9 uma das not\u00edcias que est\u00e1 a marcar a atualidade portuguesa: Susana Gravato, vereadora de Vagos, ter\u00e1 sido&hellip;\n","protected":false},"author":2,"featured_media":126258,"comment_status":"","ping_status":"","sticky":false,"template":"","format":"standard","meta":{"footnotes":""},"categories":[142],"tags":[2632,2682,8660,114,115,981,980,1870,1015,619,32,33,1014,1315,1012,151,162],"class_list":{"0":"post-126257","1":"post","2":"type-post","3":"status-publish","4":"format-standard","5":"has-post-thumbnail","7":"category-tv","8":"tag-casa-dos-segredos","9":"tag-claudio-alegre","10":"tag-cristiana-jesus","11":"tag-entertainment","12":"tag-entretenimento","13":"tag-familia","14":"tag-famosos","15":"tag-filhos","16":"tag-instagram","17":"tag-nacional","18":"tag-portugal","19":"tag-pt","20":"tag-reality-show","21":"tag-secret-story","22":"tag-selfie","23":"tag-tv","24":"tag-tvi"},"share_on_mastodon":{"url":"https:\/\/pubeurope.com\/@pt\/115436735994960637","error":""},"_links":{"self":[{"href":"https:\/\/www.europesays.com\/pt\/wp-json\/wp\/v2\/posts\/126257","targetHints":{"allow":["GET"]}}],"collection":[{"href":"https:\/\/www.europesays.com\/pt\/wp-json\/wp\/v2\/posts"}],"about":[{"href":"https:\/\/www.europesays.com\/pt\/wp-json\/wp\/v2\/types\/post"}],"author":[{"embeddable":true,"href":"https:\/\/www.europesays.com\/pt\/wp-json\/wp\/v2\/users\/2"}],"replies":[{"embeddable":true,"href":"https:\/\/www.europesays.com\/pt\/wp-json\/wp\/v2\/comments?post=126257"}],"version-history":[{"count":0,"href":"https:\/\/www.europesays.com\/pt\/wp-json\/wp\/v2\/posts\/126257\/revisions"}],"wp:featuredmedia":[{"embeddable":true,"href":"https:\/\/www.europesays.com\/pt\/wp-json\/wp\/v2\/media\/126258"}],"wp:attachment":[{"href":"https:\/\/www.europesays.com\/pt\/wp-json\/wp\/v2\/media?parent=126257"}],"wp:term":[{"taxonomy":"category","embeddable":true,"href":"https:\/\/www.europesays.com\/pt\/wp-json\/wp\/v2\/categories?post=126257"},{"taxonomy":"post_tag","embeddable":true,"href":"https:\/\/www.europesays.com\/pt\/wp-json\/wp\/v2\/tags?post=126257"}],"curies":[{"name":"wp","href":"https:\/\/api.w.org\/{rel}","templated":true}]}}