{"id":126266,"date":"2025-10-25T20:57:08","date_gmt":"2025-10-25T20:57:08","guid":{"rendered":"https:\/\/www.europesays.com\/pt\/126266\/"},"modified":"2025-10-25T20:57:08","modified_gmt":"2025-10-25T20:57:08","slug":"ha-um-bunker-exclusivo-para-milionarios-que-esta-a-dar-que-falar","status":"publish","type":"post","link":"https:\/\/www.europesays.com\/pt\/126266\/","title":{"rendered":"H\u00e1 um bunker exclusivo para milion\u00e1rios que est\u00e1 a dar que falar"},"content":{"rendered":"<p data-remotead-prev-elm=\"true\" data-remotead-elm-id=\"inread\">Qu\u00e3o perto estaremos de uma terceira guerra mundial? Quantas vezes temeu o fim do mundo? As quest\u00f5es s\u00e3o leg\u00edtimas, sobretudo num contexto de crescente tens\u00e3o em v\u00e1rios pontos do globo. A s\u00e9rie espanhola &#8220;Ref\u00fagio at\u00f3mico&#8221;, que chegou \u00e0 Netflix h\u00e1 pouco mais de um m\u00eas para fazer disparar os n\u00edveis de ansiedade dos espectadores, parte exatamente desta premissa de caos, trazendo \u00e0 tona uma forte s\u00e1tira social.<\/p>\n<p>Ao longo de oito epis\u00f3dios, os criadores da famosa &#8220;Casa de Papel&#8221;, \u00c1lex Pina e Esther Mart\u00ednez Lobato, apresentam-nos uma solu\u00e7\u00e3o de sobreviv\u00eancia que n\u00e3o est\u00e1 acess\u00edvel a todos. Trata-se do bunker mais exclusivo do Mundo, o &#8220;Kimera Underground Park&#8221;, constru\u00eddo ao longo de sete anos nas entranhas da terra. Numa luta desigual pela sobreviv\u00eancia, s\u00f3 os milion\u00e1rios conseguem assegurar o passaporte dourado para um reino de privil\u00e9gio, a 275 metros de profundidade. \u00c0 cat\u00e1strofe junta-se, assim, o dinheiro, o segredo e, claro est\u00e1, a podrid\u00e3o.<\/p>\n<p>Sem escapat\u00f3ria poss\u00edvel, duas fam\u00edlias rivais acabam encerradas no Kimera e n\u00e3o h\u00e1 spa, gin\u00e1sio, jardim zen ou restaurante que lhes consiga acalmar a acidez de d\u00e9cadas de mentira e hipocrisia. &#8220;Presos&#8221; num bunker cuja localiza\u00e7\u00e3o \u00e9 absolutamente secreta, sem telem\u00f3veis e sem bens materiais, todos eles s\u00e3o apenas seres humanos a lutar pela sobreviv\u00eancia.<\/p>\n<p>Destaque para as personagens interpretadas por Pau Sim\u00f3n, Joaqu\u00edn Furriel, Al\u00edcia Falc\u00f3 e a brilhante Miren Ibarguren. O momento tecnol\u00f3gico retratado na s\u00e9rie, a tirar partido das potencialidades da intelig\u00eancia artificial, torna a produ\u00e7\u00e3o ainda mais assustadora. E claro que, num momento de ju\u00edzo final, tamb\u00e9m h\u00e1 la\u00e7os criados onde menos se espera. A grande quest\u00e3o \u00e9 saber se realmente podemos acreditar em tudo aquilo que vemos. Mais perigosa do que a ambi\u00e7\u00e3o de um milion\u00e1rio \u00e9 a ambi\u00e7\u00e3o quem faz tudo para enriquecer.<\/p>\n","protected":false},"excerpt":{"rendered":"Qu\u00e3o perto estaremos de uma terceira guerra mundial? Quantas vezes temeu o fim do mundo? As quest\u00f5es s\u00e3o&hellip;\n","protected":false},"author":2,"featured_media":126267,"comment_status":"","ping_status":"","sticky":false,"template":"","format":"standard","meta":{"footnotes":""},"categories":[142],"tags":[1753,28966,114,115,640,716,32,33,940,151],"class_list":{"0":"post-126266","1":"post","2":"type-post","3":"status-publish","4":"format-standard","5":"has-post-thumbnail","7":"category-tv","8":"tag-artes","9":"tag-bunker","10":"tag-entertainment","11":"tag-entretenimento","12":"tag-espanha","13":"tag-netflix","14":"tag-portugal","15":"tag-pt","16":"tag-streaming","17":"tag-tv"},"share_on_mastodon":{"url":"https:\/\/pubeurope.com\/@pt\/115436810727066001","error":""},"_links":{"self":[{"href":"https:\/\/www.europesays.com\/pt\/wp-json\/wp\/v2\/posts\/126266","targetHints":{"allow":["GET"]}}],"collection":[{"href":"https:\/\/www.europesays.com\/pt\/wp-json\/wp\/v2\/posts"}],"about":[{"href":"https:\/\/www.europesays.com\/pt\/wp-json\/wp\/v2\/types\/post"}],"author":[{"embeddable":true,"href":"https:\/\/www.europesays.com\/pt\/wp-json\/wp\/v2\/users\/2"}],"replies":[{"embeddable":true,"href":"https:\/\/www.europesays.com\/pt\/wp-json\/wp\/v2\/comments?post=126266"}],"version-history":[{"count":0,"href":"https:\/\/www.europesays.com\/pt\/wp-json\/wp\/v2\/posts\/126266\/revisions"}],"wp:featuredmedia":[{"embeddable":true,"href":"https:\/\/www.europesays.com\/pt\/wp-json\/wp\/v2\/media\/126267"}],"wp:attachment":[{"href":"https:\/\/www.europesays.com\/pt\/wp-json\/wp\/v2\/media?parent=126266"}],"wp:term":[{"taxonomy":"category","embeddable":true,"href":"https:\/\/www.europesays.com\/pt\/wp-json\/wp\/v2\/categories?post=126266"},{"taxonomy":"post_tag","embeddable":true,"href":"https:\/\/www.europesays.com\/pt\/wp-json\/wp\/v2\/tags?post=126266"}],"curies":[{"name":"wp","href":"https:\/\/api.w.org\/{rel}","templated":true}]}}