{"id":126277,"date":"2025-10-25T21:07:28","date_gmt":"2025-10-25T21:07:28","guid":{"rendered":"https:\/\/www.europesays.com\/pt\/126277\/"},"modified":"2025-10-25T21:07:28","modified_gmt":"2025-10-25T21:07:28","slug":"sl-benfica-fc-arouca","status":"publish","type":"post","link":"https:\/\/www.europesays.com\/pt\/126277\/","title":{"rendered":"SL Benfica &#8211; FC Arouca"},"content":{"rendered":"<p>            <img decoding=\"async\" class=\"mr-1\" src=\"https:\/\/www.europesays.com\/pt\/wp-content\/uploads\/2025\/10\/pulsar-direto-white.gif\" alt=\"pulse-icon\" width=\"15\"\/>Direto<\/p>\n<p>\n      Desporto\n<\/p>\n<p>      <img decoding=\"async\" itemprop=\"url\" alt=\"\" class=\"img-fluid\"  src=\"https:\/\/www.europesays.com\/pt\/wp-content\/uploads\/2025\/10\/3de684fc5bd2822936512ae62c100f78\" \/><\/p>\n<p>              Miguel A. Lopes &#8211; Lusa&#13;<\/p>\n<p itemprop=\"description\" class=\"article-lead\">\n      O Benfica procura ultrapassar provisoriamente o Sporting no segundo lugar da I Liga de futebol e aproximar-se do l\u00edder FC Porto, ao receber o Arouca na nona jornada, em dia de elei\u00e7\u00f5es para os \u00f3rg\u00e3os sociais.&#13;<\/p>\n","protected":false},"excerpt":{"rendered":"Direto Desporto Miguel A. Lopes &#8211; Lusa&#13; O Benfica procura ultrapassar provisoriamente o Sporting no segundo lugar da&hellip;\n","protected":false},"author":2,"featured_media":126278,"comment_status":"","ping_status":"","sticky":false,"template":"","format":"standard","meta":{"footnotes":""},"categories":[8],"tags":[27,28,15,16,14,25,26,21,22,12,13,19,20,32,23,24,33,420,421,17,18,29,30,31],"class_list":{"0":"post-126277","1":"post","2":"type-post","3":"status-publish","4":"format-standard","5":"has-post-thumbnail","7":"category-principais-noticias","8":"tag-breaking-news","9":"tag-breakingnews","10":"tag-featured-news","11":"tag-featurednews","12":"tag-headlines","13":"tag-latest-news","14":"tag-latestnews","15":"tag-main-news","16":"tag-mainnews","17":"tag-news","18":"tag-noticias","19":"tag-noticias-principais","20":"tag-noticiasprincipais","21":"tag-portugal","22":"tag-principais-noticias","23":"tag-principaisnoticias","24":"tag-pt","25":"tag-rtp","26":"tag-rtp-noticias","27":"tag-top-stories","28":"tag-topstories","29":"tag-ultimas","30":"tag-ultimas-noticias","31":"tag-ultimasnoticias"},"share_on_mastodon":{"url":"https:\/\/pubeurope.com\/@pt\/115436850333076654","error":""},"_links":{"self":[{"href":"https:\/\/www.europesays.com\/pt\/wp-json\/wp\/v2\/posts\/126277","targetHints":{"allow":["GET"]}}],"collection":[{"href":"https:\/\/www.europesays.com\/pt\/wp-json\/wp\/v2\/posts"}],"about":[{"href":"https:\/\/www.europesays.com\/pt\/wp-json\/wp\/v2\/types\/post"}],"author":[{"embeddable":true,"href":"https:\/\/www.europesays.com\/pt\/wp-json\/wp\/v2\/users\/2"}],"replies":[{"embeddable":true,"href":"https:\/\/www.europesays.com\/pt\/wp-json\/wp\/v2\/comments?post=126277"}],"version-history":[{"count":0,"href":"https:\/\/www.europesays.com\/pt\/wp-json\/wp\/v2\/posts\/126277\/revisions"}],"wp:featuredmedia":[{"embeddable":true,"href":"https:\/\/www.europesays.com\/pt\/wp-json\/wp\/v2\/media\/126278"}],"wp:attachment":[{"href":"https:\/\/www.europesays.com\/pt\/wp-json\/wp\/v2\/media?parent=126277"}],"wp:term":[{"taxonomy":"category","embeddable":true,"href":"https:\/\/www.europesays.com\/pt\/wp-json\/wp\/v2\/categories?post=126277"},{"taxonomy":"post_tag","embeddable":true,"href":"https:\/\/www.europesays.com\/pt\/wp-json\/wp\/v2\/tags?post=126277"}],"curies":[{"name":"wp","href":"https:\/\/api.w.org\/{rel}","templated":true}]}}