{"id":126287,"date":"2025-10-25T21:17:09","date_gmt":"2025-10-25T21:17:09","guid":{"rendered":"https:\/\/www.europesays.com\/pt\/126287\/"},"modified":"2025-10-25T21:17:09","modified_gmt":"2025-10-25T21:17:09","slug":"nasa-ativa-protocolo-de-defesa-planetaria-por-cometa-com-trajetoria-incomum","status":"publish","type":"post","link":"https:\/\/www.europesays.com\/pt\/126287\/","title":{"rendered":"Nasa ativa protocolo de defesa planet\u00e1ria por cometa com trajet\u00f3ria incomum"},"content":{"rendered":"<p>A Nasa confirmou a ativa\u00e7\u00e3o do protocolo de defesa planet\u00e1ria depois que astr\u00f4nomos registraram varia\u00e7\u00f5es inesperadas no comportamento do cometa 3I\/ATLAS, um visitante interestelar que atravessa o Sistema Solar. O comunicado foi oficializado em um boletim publicado pelo Minor Planet Center, vinculado \u00e0 Universidade de Harvard e \u00e0 Uni\u00e3o Astron\u00f4mica Internacional.<\/p>\n<p>O alerta levou a Rede Internacional de Alerta de Asteroides (IAWN) a organizar uma campanha global de observa\u00e7\u00e3o entre 27 de novembro de 2025 e 27 de janeiro de 2026, com o objetivo de aprimorar as t\u00e9cnicas de medi\u00e7\u00e3o orbital e revisar protocolos de resposta a amea\u00e7as espaciais.<\/p>\n<p><strong>O que \u00e9 o protocolo de defesa planet\u00e1ria<\/strong><\/p>\n<p>O chamado protocolo de defesa planet\u00e1ria \u00e9 um conjunto de procedimentos preventivos que mobiliza observat\u00f3rios e ag\u00eancias espaciais em torno do monitoramento de corpos celestes com comportamento at\u00edpico ou dif\u00edcil de prever. No caso dos cometas, o desafio \u00e9 ainda maior: a libera\u00e7\u00e3o de g\u00e1s e poeira pode deslocar o centro de brilho e distorcer os c\u00e1lculos orbitais.<\/p>\n<p class=\"py-2\">Continua depois da publicidade<\/p>\n<p>Por isso, a campanha incluir\u00e1 um workshop t\u00e9cnico em 10 de novembro, com especialistas em astrometria e din\u00e2mica orbital, para padronizar medi\u00e7\u00f5es e evitar erros de interpreta\u00e7\u00e3o.<\/p>\n<p><img data-recalc-dims=\"1\" decoding=\"async\" data-size=\"default\" class=\"img-fluid rounded-sm\" src=\"https:\/\/www.europesays.com\/pt\/wp-content\/uploads\/2025\/10\/cometa-3I-ATLAS-nasa-01.jpeg\"\/>Cometa 3lATLAS | NASA, ESA, David Jewitt (UCLA); Image Processing: Joseph DePasquale (STScI)<strong>Um visitante de fora do Sistema Solar<\/strong><\/p>\n<p>O 3I\/ATLAS foi descoberto em 1\u00ba de julho de 2025 pelo telesc\u00f3pio ATLAS, no Chile, e \u00e9 apenas o terceiro objeto interestelar j\u00e1 identificado, depois de \u2018Oumuamua (2017) e 2I\/Borisov (2019). <\/p>\n<p>Ele viaja a mais de 210 mil quil\u00f4metros por hora e deve atingir seu ponto mais pr\u00f3ximo do Sol em 30 de outubro de 2025, cruzando a \u00f3rbita de Marte antes de seguir rumo a J\u00fapiter e deixar o Sistema Solar definitivamente em 2026.<\/p>\n<p>Segundo a Nasa, o cometa n\u00e3o representa risco de colis\u00e3o com a Terra: sua dist\u00e2ncia m\u00ednima do planeta ser\u00e1 de aproximadamente 270 milh\u00f5es de quil\u00f4metros.<\/p>\n<p><strong>Descobertas intrigantes sobre sua composi\u00e7\u00e3o<\/strong><\/p>\n<p>Dados coletados pelos telesc\u00f3pios espaciais Hubble e James Webb revelaram uma composi\u00e7\u00e3o qu\u00edmica sem precedentes. A nuvem de g\u00e1s e poeira que envolve o cometa \u00e9 dominada por di\u00f3xido de carbono, em propor\u00e7\u00e3o oito vezes superior \u00e0 de \u00e1gua \u2014 algo jamais visto em outros corpos semelhantes.<\/p>\n<p>Estima-se que o n\u00facleo do 3I\/ATLAS tenha entre 440 metros e 5,6 quil\u00f4metros de di\u00e2metro, o que o coloca entre os maiores objetos do tipo j\u00e1 observados. Modelos preliminares sugerem ainda que ele pode ter mais de sete bilh\u00f5es de anos, tornando-o potencialmente mais antigo que o pr\u00f3prio Sistema Solar.<\/p>\n<p class=\"py-2\">Continua depois da publicidade<\/p>\n<p><strong>Por que o alerta importa, mesmo sem risco<\/strong><\/p>\n<p>Embora o cometa esteja distante, o acionamento do protocolo demonstra o papel da defesa planet\u00e1ria como exerc\u00edcio de coopera\u00e7\u00e3o internacional. Para a Nasa, o 3I\/ATLAS representa uma oportunidade \u00fanica de testar e aperfei\u00e7oar os sistemas de observa\u00e7\u00e3o e resposta r\u00e1pida diante de corpos com trajet\u00f3rias imprevis\u00edveis.<\/p>\n<p>Ao mesmo tempo, o evento pode oferecer novas pistas sobre a forma\u00e7\u00e3o de sistemas planet\u00e1rios fora da Via L\u00e1ctea e sobre a origem de materiais que circulam pelo espa\u00e7o interestelar.<\/p>\n","protected":false},"excerpt":{"rendered":"A Nasa confirmou a ativa\u00e7\u00e3o do protocolo de defesa planet\u00e1ria depois que astr\u00f4nomos registraram varia\u00e7\u00f5es inesperadas no comportamento&hellip;\n","protected":false},"author":2,"featured_media":126288,"comment_status":"","ping_status":"","sticky":false,"template":"","format":"standard","meta":{"footnotes":""},"categories":[84],"tags":[109,107,108,62,1149,32,33,105,103,104,106,110],"class_list":{"0":"post-126287","1":"post","2":"type-post","3":"status-publish","4":"format-standard","5":"has-post-thumbnail","7":"category-ciencia-e-tecnologia","8":"tag-ciencia","9":"tag-ciencia-e-tecnologia","10":"tag-cienciaetecnologia","11":"tag-mundo","12":"tag-nasa","13":"tag-portugal","14":"tag-pt","15":"tag-science","16":"tag-science-and-technology","17":"tag-scienceandtechnology","18":"tag-technology","19":"tag-tecnologia"},"share_on_mastodon":{"url":"https:\/\/pubeurope.com\/@pt\/115436889369557215","error":""},"_links":{"self":[{"href":"https:\/\/www.europesays.com\/pt\/wp-json\/wp\/v2\/posts\/126287","targetHints":{"allow":["GET"]}}],"collection":[{"href":"https:\/\/www.europesays.com\/pt\/wp-json\/wp\/v2\/posts"}],"about":[{"href":"https:\/\/www.europesays.com\/pt\/wp-json\/wp\/v2\/types\/post"}],"author":[{"embeddable":true,"href":"https:\/\/www.europesays.com\/pt\/wp-json\/wp\/v2\/users\/2"}],"replies":[{"embeddable":true,"href":"https:\/\/www.europesays.com\/pt\/wp-json\/wp\/v2\/comments?post=126287"}],"version-history":[{"count":0,"href":"https:\/\/www.europesays.com\/pt\/wp-json\/wp\/v2\/posts\/126287\/revisions"}],"wp:featuredmedia":[{"embeddable":true,"href":"https:\/\/www.europesays.com\/pt\/wp-json\/wp\/v2\/media\/126288"}],"wp:attachment":[{"href":"https:\/\/www.europesays.com\/pt\/wp-json\/wp\/v2\/media?parent=126287"}],"wp:term":[{"taxonomy":"category","embeddable":true,"href":"https:\/\/www.europesays.com\/pt\/wp-json\/wp\/v2\/categories?post=126287"},{"taxonomy":"post_tag","embeddable":true,"href":"https:\/\/www.europesays.com\/pt\/wp-json\/wp\/v2\/tags?post=126287"}],"curies":[{"name":"wp","href":"https:\/\/api.w.org\/{rel}","templated":true}]}}