{"id":126305,"date":"2025-10-25T21:40:28","date_gmt":"2025-10-25T21:40:28","guid":{"rendered":"https:\/\/www.europesays.com\/pt\/126305\/"},"modified":"2025-10-25T21:40:28","modified_gmt":"2025-10-25T21:40:28","slug":"mais-de-150-jihadistas-alojados-em-hotel-de-luxo-no-cairo-observador","status":"publish","type":"post","link":"https:\/\/www.europesays.com\/pt\/126305\/","title":{"rendered":"Mais de 150 jihadistas alojados em hotel de luxo no Cairo \u2013 Observador"},"content":{"rendered":"<p>Siga <a href=\"https:\/\/observador.pt\/liveblogs\/prisioneiros-palestianianos-libertados-estao-alojados-em-hotel-de-cinco-estrelas-no-cairo\/\" rel=\"nofollow noopener\" target=\"_blank\">aqui o liveblog que segue o conflito<\/a> israelo-palestiniano<\/p>\n<p>\u201c<strong>Bem-vindos ao Hotel Hamas<\/strong>\u201c, titula neste s\u00e1bado o brit\u00e2nico <a href=\"https:\/\/www.dailymail.co.uk\/news\/article-15223429\/Hamas-dangerous-terrorists-released-Israel-staying-luxury-resort.html\" rel=\"nofollow noopener\" target=\"_blank\">Daily Mail<\/a>, noticiando que cerca de 150 prisioneiros palestinianos libertados no \u00e2mbito do acordo de cessar-fogo est\u00e3o alojados num hotel de luxo no Cairo, capital do Egito.<\/p>\n<p>Trata-se, segundo o Daily Mail, de um hotel de cinco estrelas que pertence \u00e0 cadeia Marriot \u2013 o Renaissance Cairo Mirage City Hotel. No mesmo hotel, est\u00e3o centenas de outros h\u00f3spedes, incluindo ocidentais \u2013 a maioria n\u00e3o faz ideia de que est\u00e1 a partilhar o espa\u00e7o com ex-prisioneiros que, em alguns casos, tiveram postos de comando no Hamas.<\/p>\n<p>Entre os jihadistas hospedados est\u00e1 Mahmoud Issa, com 57 anos, que fundou uma unidade especial (101) nas brigadas Izz a-Din al-Qassam, especializadas em rapto. Est\u00e1 l\u00e1, tamb\u00e9m, Izz a-Din al-Hamamrah, com 47 anos, que recrutou bombistas suicidas e planeou assaltos a avi\u00f5es. E, ainda, Samir Abu Nima, um homem com 67 anos que estava preso h\u00e1 quase 40 anos, devido ao envolvimento nos ataques bombistas a autocarros em Jerusal\u00e9m, que vitimaram seis pessoas incluindo uma crian\u00e7a de 11 anos.<\/p>\n<p>Este \u00faltimo homem estava a cumprir uma pena de pris\u00e3o perp\u00e9tua pelos crimes que cometeu. E, ap\u00f3s a liberta\u00e7\u00e3o de v\u00e1rios presos na mesma circunst\u00e2ncia, restam 20 extremistas palestinianos nas pris\u00f5es israelitas.<\/p>\n<p>Os jornalistas do Daily Mail compraram estadias no hotel, sem revelar que eram membros da imprensa, e fotografaram v\u00e1rios ex-prisioneiros a circular no hotel e a tomar pequeno-almo\u00e7o. A informa\u00e7\u00e3o que existe \u00e9 que os homens foram colocados naquele hotel mas ser\u00e3o, nos pr\u00f3ximos dias, transferidos para outros resorts tur\u00edsticos no Qatar, na Turquia e na Tunisia.<\/p>\n<p>        <img src=\"https:\/\/www.europesays.com\/pt\/wp-content\/uploads\/2025\/10\/captura-de-ecra-2025-10-25-093502.jpg\" alt=\"\" loading=\"lazy\" decoding=\"async\" class=\"alignnone\" onload=\"this.parentElement.classList.remove('spinner')\" onerror=\"this.parentElement.classList.remove('spinner')\"\/>    <\/p>\n<p>O plano \u00e9 que estes ex-presos pe\u00e7am vistos e autoriza\u00e7\u00f5es de resid\u00eancia em v\u00e1rios locais para poderem voltar a integrar-se na sociedade, continuando a ser vigiados pelos servi\u00e7os de seguran\u00e7a locais. No total, o acordo previu a liberta\u00e7\u00e3o de 250 prisioneiros (dos quais cerca de 154 est\u00e3o, ent\u00e3o, neste hotel), apesar de Israel sempre se ter oposto\u00a0fortemente \u00e0 liberta\u00e7\u00e3o.<\/p>\n<p>Mas acabou por ser a \u00fanica forma de persuadir o Hamas a entregar os \u00faltimos 20 ref\u00e9ns israelitas vivos e os cad\u00e1veres de ref\u00e9ns que morreram ap\u00f3s o 7 de outubro \u2013 foi uma \u201cmoeda de troca\u201d necess\u00e1ria para garantir um cessar-fogo ao abrigo do plano de paz de Trump.<\/p>\n<p>Citado pelo Daily Mail, Anthony Glees, professor em\u00e9rito da Universidade de Buckingham, criticou a decis\u00e3o: \u201cEstas pessoas ser\u00e3o para sempre nossos inimigos. S\u00e3o pessoas que cortaram as cabe\u00e7as de soldados brit\u00e2nicos\u201d. \u201cN\u00e3o devemos deix\u00e1-los reunir-se. N\u00e3o pode haver esconderijo para estas pessoas. Caso contr\u00e1rio, estar\u00e1 a reunir um ex\u00e9rcito terrorista no ex\u00edlio \u2013 ser\u00e1 o Hezbollah 2.0\u201d, avisou.<\/p>\n<p>Tamb\u00e9m ao jornal, um antigo oficial dos servi\u00e7os de informa\u00e7\u00e3o israelitas \u2013 identificado apenas como Guy C \u2013 acrescentou: \u201cN\u00e3o h\u00e1 restri\u00e7\u00f5es \u00e0 sua movimenta\u00e7\u00e3o nestes pa\u00edses. Podem andar livremente, viajar para a Europa receber donativos de apoiantes ing\u00e9nuos e obter apoio de manifestantes que j\u00e1 simpatizam com eles\u201d, alertou.<\/p>\n<p>\u201cA primeira coisa que estes terroristas far\u00e3o quando chegarem \u00e0 Turquia ou ao Qatar \u00e9 contactar os seus associados em Gaza e na Cisjord\u00e2nia para enviar dinheiro e restabelecer as suas redes. V\u00e3o reagrupar-se rapidamente e formar novas c\u00e9lulas terroristas\u201d, acrescentou.<\/p>\n<p>                    <strong>Tem um minuto?<\/strong><br \/>O Observador est\u00e1 a realizar junto dos seus leitores um curto estudo de apenas quatro perguntas. <a href=\"https:\/\/observador.typeform.com\/to\/DnJJ0FZQ\" target=\"_blank\" style=\"text-decoration: underline; color:#262626;\" rel=\"nofollow noopener\">Responda aqui<\/a>.<\/p>\n","protected":false},"excerpt":{"rendered":"Siga aqui o liveblog que segue o conflito israelo-palestiniano \u201cBem-vindos ao Hotel Hamas\u201c, titula neste s\u00e1bado o brit\u00e2nico&hellip;\n","protected":false},"author":2,"featured_media":126306,"comment_status":"","ping_status":"","sticky":false,"template":"","format":"standard","meta":{"footnotes":""},"categories":[8],"tags":[27,28,311,15,16,255,14,259,25,26,21,22,310,62,12,13,19,20,32,23,24,33,17,18,29,30,31],"class_list":{"0":"post-126305","1":"post","2":"type-post","3":"status-publish","4":"format-standard","5":"has-post-thumbnail","7":"category-principais-noticias","8":"tag-breaking-news","9":"tag-breakingnews","10":"tag-conflito-israelo-palestiniano","11":"tag-featured-news","12":"tag-featurednews","13":"tag-hamas","14":"tag-headlines","15":"tag-israel","16":"tag-latest-news","17":"tag-latestnews","18":"tag-main-news","19":"tag-mainnews","20":"tag-mu00e9dio-oriente","21":"tag-mundo","22":"tag-news","23":"tag-noticias","24":"tag-noticias-principais","25":"tag-noticiasprincipais","26":"tag-portugal","27":"tag-principais-noticias","28":"tag-principaisnoticias","29":"tag-pt","30":"tag-top-stories","31":"tag-topstories","32":"tag-ultimas","33":"tag-ultimas-noticias","34":"tag-ultimasnoticias"},"share_on_mastodon":{"url":"https:\/\/pubeurope.com\/@pt\/115436979949193180","error":""},"_links":{"self":[{"href":"https:\/\/www.europesays.com\/pt\/wp-json\/wp\/v2\/posts\/126305","targetHints":{"allow":["GET"]}}],"collection":[{"href":"https:\/\/www.europesays.com\/pt\/wp-json\/wp\/v2\/posts"}],"about":[{"href":"https:\/\/www.europesays.com\/pt\/wp-json\/wp\/v2\/types\/post"}],"author":[{"embeddable":true,"href":"https:\/\/www.europesays.com\/pt\/wp-json\/wp\/v2\/users\/2"}],"replies":[{"embeddable":true,"href":"https:\/\/www.europesays.com\/pt\/wp-json\/wp\/v2\/comments?post=126305"}],"version-history":[{"count":0,"href":"https:\/\/www.europesays.com\/pt\/wp-json\/wp\/v2\/posts\/126305\/revisions"}],"wp:featuredmedia":[{"embeddable":true,"href":"https:\/\/www.europesays.com\/pt\/wp-json\/wp\/v2\/media\/126306"}],"wp:attachment":[{"href":"https:\/\/www.europesays.com\/pt\/wp-json\/wp\/v2\/media?parent=126305"}],"wp:term":[{"taxonomy":"category","embeddable":true,"href":"https:\/\/www.europesays.com\/pt\/wp-json\/wp\/v2\/categories?post=126305"},{"taxonomy":"post_tag","embeddable":true,"href":"https:\/\/www.europesays.com\/pt\/wp-json\/wp\/v2\/tags?post=126305"}],"curies":[{"name":"wp","href":"https:\/\/api.w.org\/{rel}","templated":true}]}}