{"id":126307,"date":"2025-10-25T21:41:08","date_gmt":"2025-10-25T21:41:08","guid":{"rendered":"https:\/\/www.europesays.com\/pt\/126307\/"},"modified":"2025-10-25T21:41:08","modified_gmt":"2025-10-25T21:41:08","slug":"luiza-abreu-e-joao-moura-caetano-separados-veja-a-foto","status":"publish","type":"post","link":"https:\/\/www.europesays.com\/pt\/126307\/","title":{"rendered":"Lu\u00edza Abreu e Jo\u00e3o Moura Caetano separados? Veja a foto!"},"content":{"rendered":"<p>Nos \u00faltimos dias, adensaram-se os rumores de que <a href=\"https:\/\/selfie.iol.pt\/famosos\/luiza-abreu\/noiva-de-joao-moura-caetano-luiza-abreu-conta-pormenores-do-pedido-de-casamento-veja-o-video\/20251003\/68dfd4bed34e58bc67967e74\" target=\"_blank\" rel=\"nofollow noopener\">Lu\u00edza Abreu<\/a> e <a href=\"https:\/\/selfie.iol.pt\/famosos\/luiza-abreu\/luiza-abreu-e-o-facto-de-ser-noiva-do-ex-cunhado-nao-me-faz-confusao\/20251002\/68deedccd34ee0c2fed0d313\" target=\"_blank\" rel=\"nofollow noopener\">Jo\u00e3o Moura Caetano<\/a> teriam colocado um ponto final na rela\u00e7\u00e3o.<\/p>\n<p>O casal acabou por terminar com esses boatos neste s\u00e1bado, dia 25. Atrav\u00e9s do Instagram, ambos partilharam uma fotografia, na qual surgem juntos e sorridentes.<\/p>\n<p>Na legenda, pode ver-se um emoji em forma de cora\u00e7\u00e3o roxo, o que demonstra que o casal continua junto.<\/p>\n<p>Veja, agora, a imagem partilhada por Jo\u00e3o Moura Caetano e Lu\u00edza Abreu na galeria de fotografias que prepar\u00e1mos para si.<\/p>\n","protected":false},"excerpt":{"rendered":"Nos \u00faltimos dias, adensaram-se os rumores de que Lu\u00edza Abreu e Jo\u00e3o Moura Caetano teriam colocado um ponto&hellip;\n","protected":false},"author":2,"featured_media":126308,"comment_status":"","ping_status":"","sticky":false,"template":"","format":"standard","meta":{"footnotes":""},"categories":[145],"tags":[48,211,210,114,115,980,1015,1402,841,619,32,33,1014,1016,1012,162],"class_list":{"0":"post-126307","1":"post","2":"type-post","3":"status-publish","4":"format-standard","5":"has-post-thumbnail","7":"category-celebridades","8":"tag-big-brother","9":"tag-celebridades","10":"tag-celebrities","11":"tag-entertainment","12":"tag-entretenimento","13":"tag-famosos","14":"tag-instagram","15":"tag-joao-moura-caetano","16":"tag-luiza-abreu","17":"tag-nacional","18":"tag-portugal","19":"tag-pt","20":"tag-reality-show","21":"tag-romance","22":"tag-selfie","23":"tag-tvi"},"share_on_mastodon":{"url":"https:\/\/pubeurope.com\/@pt\/115436983631376826","error":""},"_links":{"self":[{"href":"https:\/\/www.europesays.com\/pt\/wp-json\/wp\/v2\/posts\/126307","targetHints":{"allow":["GET"]}}],"collection":[{"href":"https:\/\/www.europesays.com\/pt\/wp-json\/wp\/v2\/posts"}],"about":[{"href":"https:\/\/www.europesays.com\/pt\/wp-json\/wp\/v2\/types\/post"}],"author":[{"embeddable":true,"href":"https:\/\/www.europesays.com\/pt\/wp-json\/wp\/v2\/users\/2"}],"replies":[{"embeddable":true,"href":"https:\/\/www.europesays.com\/pt\/wp-json\/wp\/v2\/comments?post=126307"}],"version-history":[{"count":0,"href":"https:\/\/www.europesays.com\/pt\/wp-json\/wp\/v2\/posts\/126307\/revisions"}],"wp:featuredmedia":[{"embeddable":true,"href":"https:\/\/www.europesays.com\/pt\/wp-json\/wp\/v2\/media\/126308"}],"wp:attachment":[{"href":"https:\/\/www.europesays.com\/pt\/wp-json\/wp\/v2\/media?parent=126307"}],"wp:term":[{"taxonomy":"category","embeddable":true,"href":"https:\/\/www.europesays.com\/pt\/wp-json\/wp\/v2\/categories?post=126307"},{"taxonomy":"post_tag","embeddable":true,"href":"https:\/\/www.europesays.com\/pt\/wp-json\/wp\/v2\/tags?post=126307"}],"curies":[{"name":"wp","href":"https:\/\/api.w.org\/{rel}","templated":true}]}}