{"id":126317,"date":"2025-10-25T21:52:15","date_gmt":"2025-10-25T21:52:15","guid":{"rendered":"https:\/\/www.europesays.com\/pt\/126317\/"},"modified":"2025-10-25T21:52:15","modified_gmt":"2025-10-25T21:52:15","slug":"o-que-foi-a-ala-este-da-casa-branca-e-o-que-vai-ser-observador","status":"publish","type":"post","link":"https:\/\/www.europesays.com\/pt\/126317\/","title":{"rendered":"O que foi a Ala Este da Casa Branca e o que vai ser? \u2013 Observador"},"content":{"rendered":"<p>Foi constru\u00edda em 1902 durante a presid\u00eancia de Theodore Roosevelt e, ao longo de mais de 120 anos, representou simbolicamente o poder das primeiras-damas norte-americanas. Agora, em menos de uma semana, <a href=\"https:\/\/observador.pt\/2025\/10\/22\/vai-ser-lindo-ala-este-da-casa-branca-demolida-para-erguer-salao-de-baile-de-215-milhoes-de-trump\/\" rel=\"nofollow noopener\" target=\"_blank\">a Ala Este da Casa Branca foi completamente demolida<\/a> a pedido de Donald Trump depois de, em julho, o Presidente dos EUA ter anunciado que aquele edif\u00edcio hist\u00f3rico ia dar lugar a um novo sal\u00e3o de baile no valor previsto de 250 milh\u00f5es de d\u00f3lares (cerca de 215 milh\u00f5es de euros), que entretanto j\u00e1 subiu para os 300 milh\u00f5es de d\u00f3lares (cerca de 258 milh\u00f5es de euros), apesar de o custo total s\u00f3 poder ser garantido quando as obras terminarem. E que dever\u00e1 vir a ter o seu nome.<\/p>\n<p>\u201cDurante mais de 150 anos, todos os Presidentes sonharam ter um sal\u00e3o de baile na Casa Branca para acolher pessoas para grandes festas e visitas de Estado. Tenho a honra de anunciar que sou o primeiro Presidente a finalmente dar in\u00edcio a este projeto necess\u00e1rio \u2014 e com custo zero dos contribuintes americanos!\u201d, escrevia Trump na rede Truth Social, desencadeando uma onda de cr\u00edticas e chegando mesmo a ser acusado de estar a destruir a Casa Branca. Quanto aos custos, falava de conseguir doa\u00e7\u00f5es para o projeto.<\/p>\n<p>Apesar de ainda n\u00e3o ter a aprova\u00e7\u00e3o das ag\u00eancias governamentais com jurisdi\u00e7\u00e3o sobre constru\u00e7\u00f5es em propriedades federais, a administra\u00e7\u00e3o Trump avan\u00e7ou mesmo assim com a demoli\u00e7\u00e3o da Ala Este, <a href=\"https:\/\/observador.pt\/2025\/10\/23\/casa-branca-nao-apresentou-projeto-para-o-novo-salao-de-baile-de-trump-a-agencia-reguladora\/\" rel=\"nofollow noopener\" target=\"_blank\">insistindo\u00a0que n\u00e3o precisa da aprova\u00e7\u00e3o da Comiss\u00e3o Nacional de Planeamento da Capital<\/a>, o organismo respons\u00e1vel por permitir a constru\u00e7\u00e3o de obras e grandes renova\u00e7\u00f5es em edif\u00edcios governamentais na \u00e1rea de Washington, defendendo que tal apenas \u00e9 necess\u00e1rio para novas constru\u00e7\u00f5es. Esta sexta-feira, as demoli\u00e7\u00f5es foram conclu\u00eddas, deixando a Ala Este reduzida a escombros, apesar de o pr\u00f3prio Trump ter chegado a dizer que o edif\u00edcio n\u00e3o ia ser totalmente demolido, apenas uma parte.<\/p>\n<blockquote class=\"twitter-tweet\" data-width=\"500\" data-dnt=\"true\">\n<p lang=\"en\" dir=\"ltr\">Obama once wore a tan suit and they had pitchforks out. <\/p>\n<p>Today demolition crews begun tearing down parts of the East Wing of the White House to build Trump\u2019s $250 Million ballroom after claiming it wouldn\u2019t \u201cinterfere\u201d with the existing White House structure. <a href=\"https:\/\/t.co\/vpfS9HNbdv\" rel=\"nofollow\">pic.twitter.com\/vpfS9HNbdv<\/a><\/p>\n<p>\u2014 david ???? (@realdavidonline) <a href=\"https:\/\/twitter.com\/realdavidonline\/status\/1980391453793874117?ref_src=twsrc%5Etfw\" rel=\"nofollow noopener\" target=\"_blank\">October 20, 2025<\/a><\/p>\n<\/blockquote>\n<p>Um s\u00e9culo de hist\u00f3ria foi assim apagado para dar lugar a uma nova estrutura que ter\u00e1 capacidade para 999 pessoas e uma \u00e1rea 8.361 metros quadrados, quase o dobro do tamanho do edif\u00edcio da Casa Branca, e que dever\u00e1 ficar conclu\u00edda ainda antes do final do mandato de Trump, em janeiro de 2029. \u201c\u2018Se a Ala Oeste \u00e9 a mente da na\u00e7\u00e3o, ent\u00e3o a Ala Este \u00e9 o cora\u00e7\u00e3o&#8217;\u201d, disse Anita McBride, antiga chefe de gabinete de Laura Bush, \u00e0 revista <a href=\"https:\/\/www.eastwingmagazine.com\/p\/former-white-house-east-wing-staffers\" rel=\"nofollow noopener\" target=\"_blank\">East Wing Magazine<\/a>, citando a ex-primeira-dama Betty Ford. \u201cAs paredes podem ter desaparecido, mas as hist\u00f3rias da Ala Este devem ser preservadas e partilhadas com as gera\u00e7\u00f5es futuras.\u201d<\/p>\n<p>Apesar de a sua hist\u00f3ria remontar ao in\u00edcio do s\u00e9culo XX, a mem\u00f3ria da Ala Este da Casa Branca vai ainda uns mandatos presidenciais mais atr\u00e1s. No s\u00e9culo XIX, Thomas Jefferson acrescentou os originais terra\u00e7os este e oeste ao pal\u00e1cio presidencial, com o primeiro a ser demolido em 1866 e posteriormente reconstruido em 1902, durante a renova\u00e7\u00e3o da Casa Branca por Theodore Roosevelt. No entanto, a imagem da Ala Este como a conhec\u00edamos at\u00e9 aos dias hoje \u00e9 obra de Franklin D. Roosevelt, que, durante a Segunda Guerra Mundial, a mandou aumentar. Em 1942, o arquiteto da Casa Branca Lorenzo Winslow projetou assim uma ala com mais espa\u00e7o de trabalho e que, ao mesmo tempo, escondesse um bunker subterr\u00e2neo. Segundo o New York Times, ainda n\u00e3o \u00e9 claro se as obras de constru\u00e7\u00e3o do novo sal\u00e3o de baile de Trump v\u00e3o afetar o bunker.<\/p>\n<p>Conhecido como Centro de Opera\u00e7\u00f5es de Emerg\u00eancia Presidencial, o bunker acolheu\u00a0o vice-presidente Dick Cheney durante o 11 de setembro de 2001 e Donald Trump durante a invas\u00e3o do Capit\u00f3lio a 6 de janeiro de 2020. Na \u00e9poca, quando foi constru\u00eddo, \u201cos republicanos do Congresso classificaram a despesa como um desperd\u00edcio, com alguns a acusarem Roosevelt de usar o projeto para refor\u00e7ar a imagem da sua presid\u00eancia\u201d e \u201ca natureza secreta da constru\u00e7\u00e3o, ligada a fins militares, alimentou ainda mais as suspeitas\u201d, recorda a Associa\u00e7\u00e3o Hist\u00f3rica da Casa Branca. No entanto, a sua utilidade acabou por acalmar as cr\u00edticas.<\/p>\n<p><script async src=\"https:\/\/platform.twitter.com\/widgets.js\" charset=\"utf-8\"><\/script><\/p>\n","protected":false},"excerpt":{"rendered":"Foi constru\u00edda em 1902 durante a presid\u00eancia de Theodore Roosevelt e, ao longo de mais de 120 anos,&hellip;\n","protected":false},"author":2,"featured_media":126318,"comment_status":"","ping_status":"","sticky":false,"template":"","format":"standard","meta":{"footnotes":""},"categories":[50],"tags":[624,27,28,5914,623,15,16,14,25,26,21,22,62,12,13,19,20,23,24,17,18,29,30,31,63,64,65],"class_list":{"0":"post-126317","1":"post","2":"type-post","3":"status-publish","4":"format-standard","5":"has-post-thumbnail","7":"category-mundo","8":"tag-amu00e9rica","9":"tag-breaking-news","10":"tag-breakingnews","11":"tag-casa-branca","12":"tag-estados-unidos-da-amu00e9rica","13":"tag-featured-news","14":"tag-featurednews","15":"tag-headlines","16":"tag-latest-news","17":"tag-latestnews","18":"tag-main-news","19":"tag-mainnews","20":"tag-mundo","21":"tag-news","22":"tag-noticias","23":"tag-noticias-principais","24":"tag-noticiasprincipais","25":"tag-principais-noticias","26":"tag-principaisnoticias","27":"tag-top-stories","28":"tag-topstories","29":"tag-ultimas","30":"tag-ultimas-noticias","31":"tag-ultimasnoticias","32":"tag-world","33":"tag-world-news","34":"tag-worldnews"},"share_on_mastodon":{"url":"https:\/\/pubeurope.com\/@pt\/115437026871497182","error":""},"_links":{"self":[{"href":"https:\/\/www.europesays.com\/pt\/wp-json\/wp\/v2\/posts\/126317","targetHints":{"allow":["GET"]}}],"collection":[{"href":"https:\/\/www.europesays.com\/pt\/wp-json\/wp\/v2\/posts"}],"about":[{"href":"https:\/\/www.europesays.com\/pt\/wp-json\/wp\/v2\/types\/post"}],"author":[{"embeddable":true,"href":"https:\/\/www.europesays.com\/pt\/wp-json\/wp\/v2\/users\/2"}],"replies":[{"embeddable":true,"href":"https:\/\/www.europesays.com\/pt\/wp-json\/wp\/v2\/comments?post=126317"}],"version-history":[{"count":0,"href":"https:\/\/www.europesays.com\/pt\/wp-json\/wp\/v2\/posts\/126317\/revisions"}],"wp:featuredmedia":[{"embeddable":true,"href":"https:\/\/www.europesays.com\/pt\/wp-json\/wp\/v2\/media\/126318"}],"wp:attachment":[{"href":"https:\/\/www.europesays.com\/pt\/wp-json\/wp\/v2\/media?parent=126317"}],"wp:term":[{"taxonomy":"category","embeddable":true,"href":"https:\/\/www.europesays.com\/pt\/wp-json\/wp\/v2\/categories?post=126317"},{"taxonomy":"post_tag","embeddable":true,"href":"https:\/\/www.europesays.com\/pt\/wp-json\/wp\/v2\/tags?post=126317"}],"curies":[{"name":"wp","href":"https:\/\/api.w.org\/{rel}","templated":true}]}}