{"id":126357,"date":"2025-10-25T22:37:19","date_gmt":"2025-10-25T22:37:19","guid":{"rendered":"https:\/\/www.europesays.com\/pt\/126357\/"},"modified":"2025-10-25T22:37:19","modified_gmt":"2025-10-25T22:37:19","slug":"carneiro-acusa-governo-de-insensibilidade-e-desumanidade-na-lei-da-nacionalidade","status":"publish","type":"post","link":"https:\/\/www.europesays.com\/pt\/126357\/","title":{"rendered":"Carneiro acusa Governo de insensibilidade e desumanidade na lei da nacionalidade"},"content":{"rendered":"<p>O secret\u00e1rio-geral do PS, Jos\u00e9 Luis Carneiro, acusou na sexta-feira, 24 de outubro, o Governo de se manter &#8220;no caminho da insensibilidade e da desumanidade&#8221; na proposta de altera\u00e7\u00e3o da lei da nacionalidade.<\/p>\n<p>Em declara\u00e7\u00f5es aos jornalistas em Braga, \u00e0 margem de uma sess\u00e3o com militantes para discutir o Or\u00e7amento do Estado para 2026, Carneiro acrescentou que o PS fez &#8220;um esfor\u00e7o muito grande, at\u00e9 \u00e0 \u00faltima hora, para conseguir uma solu\u00e7\u00e3o mais equilibrada&#8221;, mas sem sucesso.<\/p>\n<p><strong>&#8220;O nosso receio, esperamos que n\u00e3o se venha a confirmar, \u00e9 que as op\u00e7\u00f5es que o Governo est\u00e1 a tomar venham a ferir a rela\u00e7\u00e3o com os pa\u00edses e com os cidad\u00e3os de l\u00edngua portuguesa e venham a fragilizar pessoas mais indefesas&#8221;, referiu.<\/strong><\/p>\n<p>Deu como exemplo um cidad\u00e3o que se encontra em Portugal e que pediu uma autoriza\u00e7\u00e3o de resid\u00eancia h\u00e1 quatro anos e est\u00e1 \u00e0 espera que o Estado responda ao seu pedido.<\/p>\n<p>&#8220;Entretanto, nasceu um filho desse cidad\u00e3o ou dessa cidad\u00e3 aqui em Portugal. Essa crian\u00e7a entrou no jardim de inf\u00e2ncia, ou entretanto j\u00e1 entrou na escola, e se a lei do Governo avan\u00e7ar como est\u00e1, essa crian\u00e7a pode chegar aos 10, aos 12, aos 14 ou 15 anos de idade sem ter uma nacionalidade e sem lhe ser atribu\u00edda a nacionalidade. Est\u00e3o a ver a injusti\u00e7a que se comete com um ato deste, que \u00e9 um ato de grande desumanidade?&#8221;, apontou.<\/p>\n<p><strong>Jos\u00e9 Lu\u00eds Carneiro disse que as propostas do PS foram no sentido de ter uma lei que fosse ao encontro de algumas preocupa\u00e7\u00f5es, como alargar os prazos para cidad\u00e3os terceiros da Uni\u00e3o Europeia, dar um tratamento preferencial aos cidad\u00e3os de l\u00edngua portuguesa e proteger particularmente os mais fr\u00e1geis, &#8220;entre eles as crian\u00e7as que se encontram no nosso pa\u00eds e que nascem no nosso pa\u00eds&#8221;.<\/strong><\/p>\n<p>Carneiro disse que n\u00e3o houve acordo em rela\u00e7\u00e3o a v\u00e1rias propostas socialistas e <strong>lamentou que o Governo optasse por se manter &#8220;no caminho da insensibilidade e da desumanidade&#8221;.<\/strong><\/p>\n<p>Sublinhou que o PS nunca pediu a lei da nacionalidade fosse alterada, por entender que <strong>&#8220;n\u00e3o havia qualquer problema&#8221; com a vers\u00e3o atual<\/strong>.<\/p>\n<p>Disse ainda que o Governo &#8220;faz isto&#8221; para distrair os cidad\u00e3os de temas vitais, como a sa\u00fade, a habita\u00e7\u00e3o ou o Or\u00e7amento do Estado.<\/p>\n<p><strong>&#8220;S\u00e3o manobras dilat\u00f3rias, de distra\u00e7\u00e3o da opini\u00e3o p\u00fablica e, portanto, \u00e9 por isso que o Governo trouxe a lei dos estrangeiros, agora traz a lei da nacionalidade, h\u00e1 dias trouxe a lei relativa \u00e0s burcas e v\u00e3o encontrar sempre umas mat\u00e9rias de distra\u00e7\u00e3o&#8221;, criticou.<\/strong><\/p>\n","protected":false},"excerpt":{"rendered":"O secret\u00e1rio-geral do PS, Jos\u00e9 Luis Carneiro, acusou na sexta-feira, 24 de outubro, o Governo de se manter&hellip;\n","protected":false},"author":2,"featured_media":126358,"comment_status":"","ping_status":"","sticky":false,"template":"","format":"standard","meta":{"footnotes":""},"categories":[10],"tags":[27,28,15,16,14,2433,25,26,1765,21,22,12,13,19,20,18658,32,23,24,33,117,17,18,29,30,31],"class_list":{"0":"post-126357","1":"post","2":"type-post","3":"status-publish","4":"format-standard","5":"has-post-thumbnail","7":"category-portugal","8":"tag-breaking-news","9":"tag-breakingnews","10":"tag-featured-news","11":"tag-featurednews","12":"tag-headlines","13":"tag-jose-luis-carneiro","14":"tag-latest-news","15":"tag-latestnews","16":"tag-lei-da-nacionalidade","17":"tag-main-news","18":"tag-mainnews","19":"tag-news","20":"tag-noticias","21":"tag-noticias-principais","22":"tag-noticiasprincipais","23":"tag-oe2026","24":"tag-portugal","25":"tag-principais-noticias","26":"tag-principaisnoticias","27":"tag-pt","28":"tag-saude","29":"tag-top-stories","30":"tag-topstories","31":"tag-ultimas","32":"tag-ultimas-noticias","33":"tag-ultimasnoticias"},"share_on_mastodon":{"url":"https:\/\/pubeurope.com\/@pt\/115437203752578680","error":""},"_links":{"self":[{"href":"https:\/\/www.europesays.com\/pt\/wp-json\/wp\/v2\/posts\/126357","targetHints":{"allow":["GET"]}}],"collection":[{"href":"https:\/\/www.europesays.com\/pt\/wp-json\/wp\/v2\/posts"}],"about":[{"href":"https:\/\/www.europesays.com\/pt\/wp-json\/wp\/v2\/types\/post"}],"author":[{"embeddable":true,"href":"https:\/\/www.europesays.com\/pt\/wp-json\/wp\/v2\/users\/2"}],"replies":[{"embeddable":true,"href":"https:\/\/www.europesays.com\/pt\/wp-json\/wp\/v2\/comments?post=126357"}],"version-history":[{"count":0,"href":"https:\/\/www.europesays.com\/pt\/wp-json\/wp\/v2\/posts\/126357\/revisions"}],"wp:featuredmedia":[{"embeddable":true,"href":"https:\/\/www.europesays.com\/pt\/wp-json\/wp\/v2\/media\/126358"}],"wp:attachment":[{"href":"https:\/\/www.europesays.com\/pt\/wp-json\/wp\/v2\/media?parent=126357"}],"wp:term":[{"taxonomy":"category","embeddable":true,"href":"https:\/\/www.europesays.com\/pt\/wp-json\/wp\/v2\/categories?post=126357"},{"taxonomy":"post_tag","embeddable":true,"href":"https:\/\/www.europesays.com\/pt\/wp-json\/wp\/v2\/tags?post=126357"}],"curies":[{"name":"wp","href":"https:\/\/api.w.org\/{rel}","templated":true}]}}