{"id":126375,"date":"2025-10-25T22:58:14","date_gmt":"2025-10-25T22:58:14","guid":{"rendered":"https:\/\/www.europesays.com\/pt\/126375\/"},"modified":"2025-10-25T22:58:14","modified_gmt":"2025-10-25T22:58:14","slug":"assalto-a-brasileira-traz-londrina-a-telona-num-enredo-surreal","status":"publish","type":"post","link":"https:\/\/www.europesays.com\/pt\/126375\/","title":{"rendered":"&#8216;Assalto \u00e0 Brasileira&#8217; traz Londrina \u00e0 telona num enredo surreal"},"content":{"rendered":"<p>Assistir em primeira m\u00e3o \u00e0 estreia de &#8216;Assalto \u00e0 Brasileira&#8217;, que teve cenas gravadas em Londrina no final de 2024, \u00e9 o programa de muitos f\u00e3s de cinema neste fim de semana. Com uma hist\u00f3ria inspirada em fatos acontecidos na pr\u00f3pria cidade em dezembro de 1987, o longa baseado na obra hom\u00f4nima do escritor londrinense Domingos Pellegrini, ter\u00e1 tr\u00eas sess\u00f5es gratuitas.<\/p>\n<p>No s\u00e1bado, (25) a sess\u00e3o, \u00e0s 20h00, contar\u00e1 com a presen\u00e7a do ator Paulo Miklos &#8211; o ex-guitarrista e vocalista do Tit\u00e3s que interpreta Fonseca, o policial negociador que tenta controlar a situa\u00e7\u00e3o do lado de fora da ag\u00eancia banc\u00e1ria. Al\u00e9m de Miklos, os produtores Marcelo Braga e Clara Ramos tamb\u00e9m v\u00e3o falar sobre o filme com a plateia ap\u00f3s a sess\u00e3o. O bate-papo ser\u00e1 mediado pelo colunista da FOLHA e cr\u00edtico de cinema Carlos Eduardo Louren\u00e7o Jorge.<\/p>\n<p>  Receba nossas not\u00edcias NO CELULAR<\/p>\n<p>  &#13;<br \/>\n    WHATSAPP: As regras de privacidade dos grupos s\u00e3o definidas pelo WhatsApp.&#13;<br \/>\n    <br \/>&#13;<br \/>\n    Ao entrar, seu n\u00famero pode ser visto por outros integrantes do grupo.&#13;<\/p>\n<p>No domingo (26), ser\u00e3o duas sess\u00f5es: a primeira \u00e0s 18 horas e a seguinte \u00e0s 20h00 com a presen\u00e7a do ator Robson Nunes e do diretor Jos\u00e9 Eduardo Belmonte. O colunista da FOLHA tamb\u00e9m mediar\u00e1 este debate. N\u00e3o \u00e9 necess\u00e1rio retirar ingresso para acessar a sala de exibi\u00e7\u00e3o. A fila de entrada ser\u00e1 organizada por ordem de chegada. Ap\u00f3s a pr\u00e9-estreia em Londrina, o longa-metragem estar\u00e1 presente na 49\u00aa Mostra Internacional de Cinema S\u00e3o Paulo nos dias 27 e 28 de outubro. Depois ter\u00e1 distribui\u00e7\u00e3o para as salas do circito comercial em todo o Brasil, sem data definida.<\/p>\n<p>As exibi\u00e7\u00f5es em Londrina integram o 27\u00ba Festival Kinoarte de Cinema e ser\u00e3o realizadas no Cine Villa Rica, de 23 de outubro a 2 de novembro. Al\u00e9m de 70 filmes, o evento oferece oficinas de forma\u00e7\u00e3o, sess\u00f5es para alunos da rede p\u00fablica e para pessoas com necessidades especiais e promove encontros de artistas com a plateia.<\/p>\n<p><b><a href=\"https:\/\/www.folhadelondrina.com.br\/folha-2\/assalto-a-brasileira-traz-londrina-a-telona-num-enredo-surreal-3288193e.html?d=1\" rel=\"nofollow noopener\" target=\"_self\">LEIA MAIS NA FOLHA DE LONDRINA<\/a><\/b><\/p>\n","protected":false},"excerpt":{"rendered":"Assistir em primeira m\u00e3o \u00e0 estreia de &#8216;Assalto \u00e0 Brasileira&#8217;, que teve cenas gravadas em Londrina no final&hellip;\n","protected":false},"author":2,"featured_media":126376,"comment_status":"","ping_status":"","sticky":false,"template":"","format":"standard","meta":{"footnotes":""},"categories":[140],"tags":[28970,114,115,28971,147,471,148,146,32,33],"class_list":{"0":"post-126375","1":"post","2":"type-post","3":"status-publish","4":"format-standard","5":"has-post-thumbnail","7":"category-filmes","8":"tag-assalto-a-brasileira","9":"tag-entertainment","10":"tag-entretenimento","11":"tag-festival-kinoarte-londrina","12":"tag-film","13":"tag-filme","14":"tag-filmes","15":"tag-movies","16":"tag-portugal","17":"tag-pt"},"share_on_mastodon":{"url":"https:\/\/pubeurope.com\/@pt\/115437286460859900","error":""},"_links":{"self":[{"href":"https:\/\/www.europesays.com\/pt\/wp-json\/wp\/v2\/posts\/126375","targetHints":{"allow":["GET"]}}],"collection":[{"href":"https:\/\/www.europesays.com\/pt\/wp-json\/wp\/v2\/posts"}],"about":[{"href":"https:\/\/www.europesays.com\/pt\/wp-json\/wp\/v2\/types\/post"}],"author":[{"embeddable":true,"href":"https:\/\/www.europesays.com\/pt\/wp-json\/wp\/v2\/users\/2"}],"replies":[{"embeddable":true,"href":"https:\/\/www.europesays.com\/pt\/wp-json\/wp\/v2\/comments?post=126375"}],"version-history":[{"count":0,"href":"https:\/\/www.europesays.com\/pt\/wp-json\/wp\/v2\/posts\/126375\/revisions"}],"wp:featuredmedia":[{"embeddable":true,"href":"https:\/\/www.europesays.com\/pt\/wp-json\/wp\/v2\/media\/126376"}],"wp:attachment":[{"href":"https:\/\/www.europesays.com\/pt\/wp-json\/wp\/v2\/media?parent=126375"}],"wp:term":[{"taxonomy":"category","embeddable":true,"href":"https:\/\/www.europesays.com\/pt\/wp-json\/wp\/v2\/categories?post=126375"},{"taxonomy":"post_tag","embeddable":true,"href":"https:\/\/www.europesays.com\/pt\/wp-json\/wp\/v2\/tags?post=126375"}],"curies":[{"name":"wp","href":"https:\/\/api.w.org\/{rel}","templated":true}]}}