{"id":126385,"date":"2025-10-25T23:07:11","date_gmt":"2025-10-25T23:07:11","guid":{"rendered":"https:\/\/www.europesays.com\/pt\/126385\/"},"modified":"2025-10-25T23:07:11","modified_gmt":"2025-10-25T23:07:11","slug":"famosos-vao-a-show-de-ivete-sangalo-em-sao-paulo-globo","status":"publish","type":"post","link":"https:\/\/www.europesays.com\/pt\/126385\/","title":{"rendered":"Famosos v\u00e3o a show de Ivete Sangalo em S\u00e3o Paulo &#8211; Globo"},"content":{"rendered":"<ol>\n<li><a href=\"https:\/\/news.google.com\/rss\/articles\/CBMirgFBVV95cUxPTDlkTU1EaXAxb2g2aTBCY0FGOFlmMUdoa0doTUZWVF8tWkFLVTVIaGczT3VfTjFSLThsUW5kVm0xTksxcVpPUnVIREdDck5IVTIwUnhIdDZrWTkxVEJEZ2N3YUxXNFNxdFZyQmRRX1hQOUFORUQ3UGl1czhwLVZPejlFYjdDX2c3RlpUTzhseTFMaHFxdUs4dG1xa1dEZHNKVFNnWUVuZ2JreGdhenfSAbwBQVVfeXFMTmp1X0phOVQtM1I2WXZVN0l4bHVQWEVwOFZ6TmNsNUhYcmlRUER6R3l2cjVMNFB3MjRuMDJlM1RaalRYMnljaUJxeGdpUFdJWF85SkdNc3M3enBJLUtOSUE1QkE0OU9DWHVtNnlBZnhaMjlpYXByOU16OEJrYXZ6all3YkU0NHV4dmdGYVNhbDU5dFhNaGV3RXZYTWlzbWxvM2Zwa3EzZ21IUnp0UVpHSW9wZVYxQi1iRm13ZGY?oc=5\" target=\"_blank\" rel=\"nofollow noopener\">Famosos v\u00e3o a show de Ivete Sangalo em S\u00e3o Paulo<\/a>&nbsp;&nbsp;Globo<\/li>\n<li><a href=\"https:\/\/news.google.com\/rss\/articles\/CBMiuAFBVV95cUxQV2Y1amNIWHNvcy1McmxfejAtSExDNksyQzdicW1kYkl0LWxzcFhQZnJxTVFtRDlpekZEUFBocG9jOG0yUnJSWjJ2WDBxdFFUQWhDQ1h4aTN3X0ZiVHRoNENOWk55S0hJOHE2cjBMbE9xNG8xd3RVWElqYTBVMy1xbk1oQUlfMkNqYTJkWWhSRHMtNHRVRElQdlU5LVE5S21Pa1VyaVNqSk9uMldwLV90OW9Ec2Jhd2Vz?oc=5\" target=\"_blank\" rel=\"nofollow noopener\">Ivete inicia turn\u00ea de samba em SP sem pirotecnia: &#8216;Me dispo de tudo&#8217;<\/a>&nbsp;&nbsp;UOL<\/li>\n<li><a href=\"https:\/\/news.google.com\/rss\/articles\/CBMiqgFBVV95cUxNd2U5Q3lfZ0NINVhESE9zYWpoQ2lyT3RYSTQwSW1PY1VEdXZKZzBrR2JtWEJjUHVaalBRcXdBQUk5OW94NGdWUzN1QVNrMVh4TUl1UHFQSnQ2Q3ctWDJaT0JlS01GTllFazdxSTh2TjNBU29fOHpDbFRGLVFBaXZXMlZFX2RyeXJZMkhpSUpQZF9kSXB4VU1WTG5yT1I1QUhGRWNPWHg3cW9jQQ?oc=5\" target=\"_blank\" rel=\"nofollow noopener\">Ivete Sangalo estreia em SP turn\u00ea \u201cIvete Clareou\u201d neste s\u00e1bado (25)<\/a>&nbsp;&nbsp;VEJA S\u00c3O PAULO<\/li>\n<li><a href=\"https:\/\/news.google.com\/rss\/articles\/CBMi1AFBVV95cUxOdFNGUWh5cFVkcmtjbjc5a2xjRWhCcDRMVXEtMHRKRWk3V0NNbENORGd6S1BoVG1jRC1UdWRDY0paY2M3R0VBXzFwRTM1TGFmUkxvWDZWSHgxZTQyb1FtOUpHcnRiMmcwMHpQdm90ZHQ4b0M4dWpGWDVBMmx6UWtYelpBd0ZxWEZ2RXBKMlBHVkM2MVM0NzhxZjRmZGQxZHlLcVUwSFpTWTdDbS1nVHNsWXZ3N1pna2N0NU85OG1qeXBlQU8wMnE3QnNKRzZSa0JtdXE1YQ?oc=5\" target=\"_blank\" rel=\"nofollow noopener\">Perdig\u00e3o firma parceria com Ivete Sangalo na turn\u00ea que homenageia Clara Nunes<\/a>&nbsp;&nbsp;Jornal de Bras\u00edlia<\/li>\n<li><a href=\"https:\/\/news.google.com\/rss\/articles\/CBMickFVX3lxTE93SWZFWFVkWW1aZmlXYXBiMmtKN3NTdHA2dlB5YlZiNi0yTkpKRThEbDdNUFJUeU9xbDI5VjMtUXRrZTZ4ZmpKWFoxa2RPOWpidm5RdDBqUm5IS2tGUW5LQXQwM1hiNHRhRGxibWJ0RTl4d9IBd0FVX3lxTFBZRzBqbUctcnNOaHlhbC1XQ2JnbWtxbTBpWUtyWk8zVkdpZEJrM2hzekpWMHYzVXJzNGlRSHczNkZhbGZhUTFuVlhURUp2ZHk1c3B1UFhFYThlaHhCclY5UlZIU0ZjZi1tOWd3bWgteWFzR245RG5N?oc=5\" target=\"_blank\" rel=\"nofollow noopener\">Aquecimento \u201cIvete Clareou\u201d: ou\u00e7a agora uma playlist com o melhor do samba na voz de Ivete Sangalo<\/a>&nbsp;&nbsp;POPline<\/li>\n<\/ol>\n","protected":false},"excerpt":{"rendered":"Famosos v\u00e3o a show de Ivete Sangalo em S\u00e3o Paulo&nbsp;&nbsp;Globo Ivete inicia turn\u00ea de samba em SP sem&hellip;\n","protected":false},"author":2,"featured_media":126386,"comment_status":"","ping_status":"","sticky":false,"template":"","format":"standard","meta":{"footnotes":""},"categories":[145],"tags":[20282,2185,211,210,5653,114,115,9686,9290,7579,8416,32,33,12756],"class_list":{"0":"post-126385","1":"post","2":"type-post","3":"status-publish","4":"format-standard","5":"has-post-thumbnail","7":"category-celebridades","8":"tag-alvaro","9":"tag-carlinhos-maia","10":"tag-celebridades","11":"tag-celebrities","12":"tag-eliezer","13":"tag-entertainment","14":"tag-entretenimento","15":"tag-gkay","16":"tag-ivete-sangalo","17":"tag-lucas-guedez","18":"tag-nicole-bahls","19":"tag-portugal","20":"tag-pt","21":"tag-viih-tube"},"share_on_mastodon":{"url":"https:\/\/pubeurope.com\/@pt\/115437321812189446","error":""},"_links":{"self":[{"href":"https:\/\/www.europesays.com\/pt\/wp-json\/wp\/v2\/posts\/126385","targetHints":{"allow":["GET"]}}],"collection":[{"href":"https:\/\/www.europesays.com\/pt\/wp-json\/wp\/v2\/posts"}],"about":[{"href":"https:\/\/www.europesays.com\/pt\/wp-json\/wp\/v2\/types\/post"}],"author":[{"embeddable":true,"href":"https:\/\/www.europesays.com\/pt\/wp-json\/wp\/v2\/users\/2"}],"replies":[{"embeddable":true,"href":"https:\/\/www.europesays.com\/pt\/wp-json\/wp\/v2\/comments?post=126385"}],"version-history":[{"count":0,"href":"https:\/\/www.europesays.com\/pt\/wp-json\/wp\/v2\/posts\/126385\/revisions"}],"wp:featuredmedia":[{"embeddable":true,"href":"https:\/\/www.europesays.com\/pt\/wp-json\/wp\/v2\/media\/126386"}],"wp:attachment":[{"href":"https:\/\/www.europesays.com\/pt\/wp-json\/wp\/v2\/media?parent=126385"}],"wp:term":[{"taxonomy":"category","embeddable":true,"href":"https:\/\/www.europesays.com\/pt\/wp-json\/wp\/v2\/categories?post=126385"},{"taxonomy":"post_tag","embeddable":true,"href":"https:\/\/www.europesays.com\/pt\/wp-json\/wp\/v2\/tags?post=126385"}],"curies":[{"name":"wp","href":"https:\/\/api.w.org\/{rel}","templated":true}]}}