{"id":126389,"date":"2025-10-25T23:12:15","date_gmt":"2025-10-25T23:12:15","guid":{"rendered":"https:\/\/www.europesays.com\/pt\/126389\/"},"modified":"2025-10-25T23:12:15","modified_gmt":"2025-10-25T23:12:15","slug":"skeet-ulrich-estrelara-novo-terror-slasher-estilo-panico","status":"publish","type":"post","link":"https:\/\/www.europesays.com\/pt\/126389\/","title":{"rendered":"Skeet Ulrich estrelar\u00e1 novo TERROR slasher estilo &#8216;P\u00e2nico&#8217;"},"content":{"rendered":"<p>De acordo com o <a href=\"https:\/\/www.hollywoodreporter.com\/movies\/movie-news\/the-big-kill-skeet-ulrich-alicia-witt-live-nation-studios-1236408941\/\" target=\"_blank\" rel=\"noopener nofollow\">The Hollywood Reporter<\/a>, <strong><a href=\"https:\/\/cinepop.com.br\/tag\/skeet-ulrich\/\" title=\"Skeet Ulrich\" rel=\"nofollow noopener\" target=\"_blank\">Skeet Ulrich<\/a><\/strong> ser\u00e1 o protagonista do terror \u2018<strong><a href=\"https:\/\/cinepop.com.br\/tag\/the-big-kill\/\" title=\"The Big Kill\" rel=\"nofollow noopener\" target=\"_blank\">The Big Kill<\/a><\/strong>\u2018, que marcar\u00e1 seu retorno ao universo slasher ap\u00f3s sua passagem pela cl\u00e1ssica franquia \u2018<strong>P\u00e2nico<\/strong>\u2018.<\/p>\n<p>O novo longa est\u00e1 sendo descrito como uma \u201cs\u00e1tira \u00e0 Gera\u00e7\u00e3o X e uma homenagem aos anos 90\u201d.<\/p>\n<p>O elenco ainda contar\u00e1 com <strong><a href=\"https:\/\/cinepop.com.br\/tag\/alicia-witt\/\" title=\"Alicia Witt\" rel=\"nofollow noopener\" target=\"_blank\">Alicia Witt<\/a><\/strong> (\u2018Longlegs \u2013 V\u00ednculo Mortal\u2019), <strong><a href=\"https:\/\/cinepop.com.br\/tag\/pete-holmes\/\" title=\"Pete Holmes\" rel=\"nofollow noopener\" target=\"_blank\">Pete Holmes<\/a><\/strong> (\u2018A Garota da Vez\u2019), <strong><a href=\"https:\/\/cinepop.com.br\/tag\/jolene\/\" title=\"Jolene\" rel=\"nofollow noopener\" target=\"_blank\">Jolene<\/a><\/strong> (\u2018Star Trek: Enterprise\u2019), <strong><a href=\"https:\/\/cinepop.com.br\/tag\/megan-suri\/\" title=\"Megan Suri\" rel=\"nofollow noopener\" target=\"_blank\">Megan Suri<\/a><\/strong> (\u2018Acompanhante Perfeita\u2019), <strong><a href=\"https:\/\/cinepop.com.br\/tag\/jon-heder\/\" title=\"Jon Heder\" rel=\"nofollow noopener\" target=\"_blank\">Jon Heder<\/a><\/strong> (\u2018Escola de Idiotas\u2019), \u00a0<strong><a href=\"https:\/\/cinepop.com.br\/tag\/natasha-leggero\/\" title=\"Natasha Leggero\" rel=\"nofollow noopener\" target=\"_blank\">Natasha Leggero<\/a><\/strong> (\u2018Zerando a Vida\u2019), <strong><a href=\"https:\/\/cinepop.com.br\/tag\/morgan-jay\/\" title=\"Morgan Jay\" rel=\"nofollow noopener\" target=\"_blank\">Morgan Jay<\/a><\/strong> (\u2018Tribunal Noturno\u2019), <strong><a href=\"https:\/\/cinepop.com.br\/tag\/trevor-wallace\/\" title=\"Trevor Wallace\" rel=\"nofollow noopener\" target=\"_blank\">Trevor Wallace<\/a><\/strong> (\u2018Drugstore June\u2019) e<strong>\u00a0<a href=\"https:\/\/cinepop.com.br\/tag\/steph-tolev\/\" title=\"Steph Tolev\" rel=\"nofollow noopener\" target=\"_blank\">Steph Tolev<\/a><\/strong> (\u2018Tires\u2019).<\/p>\n<p>Na trama\u2026<\/p>\n<p>\u201cUm grupo de amigos de longa data e suas fam\u00edlias compartilham uma cabana isolada ap\u00f3s um funeral. Quando um assassino come\u00e7a a ca\u00e7ar o grupo, os amigos s\u00e3o for\u00e7ados a confrontar os elementos mais sombrios de seu passado.\u201d<\/p>\n<p><strong><a href=\"https:\/\/cinepop.com.br\/tag\/todd-berger\/\" title=\"Todd Berger\" rel=\"nofollow noopener\" target=\"_blank\">Todd Berger<\/a><\/strong> (\u2018A Maldi\u00e7\u00e3o de Bridge Hollow\u2019) \u00e9 respons\u00e1vel pela dire\u00e7\u00e3o, a partir de um roteiro assinado por <strong><a href=\"https:\/\/cinepop.com.br\/tag\/daniel-radosh\/\" title=\"Daniel Radosh\" rel=\"nofollow noopener\" target=\"_blank\">Daniel Radosh<\/a><\/strong>.<\/p>\n<p>\u201cEu assisti \u2018P\u00e2nico\u2019 nos cinemas enquanto ainda era adolescente, e eu fiquei impressionado porque era um slasher cheio de pessoas da minha idade. Elas falavam como eu. Mas, com o passar dos anos, percebi uma coisa sobre os protagonistas de slashers: eles n\u00e3o est\u00e3o envelhecendo como n\u00f3s. Ent\u00e3o decidi fazer um terror c\u00f4mico sobre um grupo de pessoas da Gera\u00e7\u00e3o X, com filhos, d\u00edvidas e enfrentando crises existenciais,\u201d declarou o cineasta.<\/p>\n<p>O site ainda afirma que as filmagens do longa j\u00e1 foram encerradas.<\/p>\n<p>Novas informa\u00e7\u00f5es devem ser divulgadas em breve.<\/p>\n","protected":false},"excerpt":{"rendered":"De acordo com o The Hollywood Reporter, Skeet Ulrich ser\u00e1 o protagonista do terror \u2018The Big Kill\u2018, que&hellip;\n","protected":false},"author":2,"featured_media":126390,"comment_status":"","ping_status":"","sticky":false,"template":"","format":"standard","meta":{"footnotes":""},"categories":[140],"tags":[18394,28972,114,115,147,148,28973,28974,23751,28975,146,28976,28977,32,33,28978,28979,28980,28981,28982],"class_list":{"0":"post-126389","1":"post","2":"type-post","3":"status-publish","4":"format-standard","5":"has-post-thumbnail","7":"category-filmes","8":"tag-alicia-witt","9":"tag-daniel-radosh","10":"tag-entertainment","11":"tag-entretenimento","12":"tag-film","13":"tag-filmes","14":"tag-jolene","15":"tag-jon-heder","16":"tag-megan-suri","17":"tag-morgan-jay","18":"tag-movies","19":"tag-natasha-leggero","20":"tag-pete-holmes","21":"tag-portugal","22":"tag-pt","23":"tag-skeet-ulrich","24":"tag-steph-tolev","25":"tag-the-big-kill","26":"tag-todd-berger","27":"tag-trevor-wallace"},"share_on_mastodon":{"url":"https:\/\/pubeurope.com\/@pt\/115437341512310593","error":""},"_links":{"self":[{"href":"https:\/\/www.europesays.com\/pt\/wp-json\/wp\/v2\/posts\/126389","targetHints":{"allow":["GET"]}}],"collection":[{"href":"https:\/\/www.europesays.com\/pt\/wp-json\/wp\/v2\/posts"}],"about":[{"href":"https:\/\/www.europesays.com\/pt\/wp-json\/wp\/v2\/types\/post"}],"author":[{"embeddable":true,"href":"https:\/\/www.europesays.com\/pt\/wp-json\/wp\/v2\/users\/2"}],"replies":[{"embeddable":true,"href":"https:\/\/www.europesays.com\/pt\/wp-json\/wp\/v2\/comments?post=126389"}],"version-history":[{"count":0,"href":"https:\/\/www.europesays.com\/pt\/wp-json\/wp\/v2\/posts\/126389\/revisions"}],"wp:featuredmedia":[{"embeddable":true,"href":"https:\/\/www.europesays.com\/pt\/wp-json\/wp\/v2\/media\/126390"}],"wp:attachment":[{"href":"https:\/\/www.europesays.com\/pt\/wp-json\/wp\/v2\/media?parent=126389"}],"wp:term":[{"taxonomy":"category","embeddable":true,"href":"https:\/\/www.europesays.com\/pt\/wp-json\/wp\/v2\/categories?post=126389"},{"taxonomy":"post_tag","embeddable":true,"href":"https:\/\/www.europesays.com\/pt\/wp-json\/wp\/v2\/tags?post=126389"}],"curies":[{"name":"wp","href":"https:\/\/api.w.org\/{rel}","templated":true}]}}