{"id":126405,"date":"2025-10-25T23:27:07","date_gmt":"2025-10-25T23:27:07","guid":{"rendered":"https:\/\/www.europesays.com\/pt\/126405\/"},"modified":"2025-10-25T23:27:07","modified_gmt":"2025-10-25T23:27:07","slug":"acabamos-por-sair-os-justos-vencedores","status":"publish","type":"post","link":"https:\/\/www.europesays.com\/pt\/126405\/","title":{"rendered":"\u00abAcab\u00e1mos por sair os justos vencedores\u00bb"},"content":{"rendered":"<p>&#8211; Advertisement &#8211;<\/p>\n<p><strong>Ap\u00f3s o Manchester United alcan\u00e7ar a vit\u00f3ria frente ao Brighton por 4-2, Ruben Amorim elogiou a exibi\u00e7\u00e3o e assegurou que o objetivo \u00e9 vencer o pr\u00f3ximo jogo.<\/strong><\/p>\n<p>O <a href=\"https:\/\/bolanarede.pt\/especial-bola-na-rede\/atualidade\/manchester-united-de-ruben-amorim-volta-a-vencer-e-sobe-ao-top-4-da-premier-league\/\" target=\"_blank\" rel=\"noreferrer noopener nofollow\">Manchester United venceu, este s\u00e1bado o Brighton por 4-2<\/a>, na Premier League. Ruben Amorim, em entrevista \u00e0 DAZN, deixou elogios \u00e0 exibi\u00e7\u00e3o da sua equipa e referiu que o foco est\u00e1 no pr\u00f3ximo encontro.<\/p>\n<p>Primeiramente, o t\u00e9cnico portugu\u00eas falou sobre a exibi\u00e7\u00e3o e o quarto lugar na classifica\u00e7\u00e3o na Premier League: \u00abO lugar n\u00e3o interessa, porque est\u00e1 tudo t\u00e3o junto, que em duas semanas ou numa semana \u00e9 diferente.A classifica\u00e7\u00e3o muda muito. Outra vez, complicamos um bocadinho a nossa vida. O advers\u00e1rio tamb\u00e9m \u00e9 bastante bom, mas acho que fizemos um bom jogo, criamos muitas oportunidades, soubemos jogar um bocadinho mais baixo, um bocadinho mais subido, fazer press\u00e3o alta para ganhar umas bolas, principalmente na primeira parte. E acho que acab\u00e1mos por sair os justos vencedores\u00bb.<\/p>\n<p>De seguida, justificou uma poss\u00edvel quebra de ritmo no momento das substitui\u00e7\u00f5es: \u00abTem a ver com sofrer um golo, da forma como sofremos tamb\u00e9m numa transi\u00e7\u00e3o onde se sentia que est\u00e1vamos mais perto do quarto golo. Depois h\u00e1 uma bola parada, sofrer aquela transi\u00e7\u00e3o, o golo logo a seguir tamb\u00e9m ajudou um pouco a equipa. Mas aguent\u00e1mos bem e acab\u00e1mos por marcar um golo no \u00faltimo minuto e seguimos em frente\u00bb.<\/p>\n<p>Como j\u00e1 vimos v\u00e1rias vezes, <a href=\"https:\/\/bolanarede.pt\/etiqueta\/ruben-amorim-2\/\" target=\"_blank\" rel=\"noreferrer noopener nofollow\">Ruben Amorim<\/a> voltou a desvalorizar o tema do sistema t\u00e1tico: \u00abTamb\u00e9m passei um bocadinho isto em Portugal, o que eu digo sempre \u00e9 que o sistema \u00e9 irrelevante, as din\u00e2micas \u00e9 que contam e todos os treinadores dizem isso a toda a hora. Eu sei que \u00e9 um sistema diferente , que precisa de tempo, mas n\u00e3o \u00e9 o sistema que vai fazer a diferen\u00e7a, \u00e9 a forma como jogamos, a confian\u00e7a. E isso est\u00e1 a aumentar\u00bb.<\/p>\n<p>Por fim, o treinador do <a href=\"https:\/\/bolanarede.pt\/etiqueta\/manchester-united\/\" target=\"_blank\" rel=\"noreferrer noopener nofollow\">Manchester United<\/a> definiu os objetivos para o resto da temporada: \u00abO objetivo \u00e9 sempre o mesmo. Neste momento \u00e9 ganhar, e voc\u00eas (imprensa portuguesa) melhor que ningu\u00e9m sabem que \u00e9 ganhar jogo a jogo. Vamos pensar no pr\u00f3ximo jogo, porque aqui sabemos que todos os jogos s\u00e3o complicados, o nosso clube \u00e9 complicado. \u00c9 n\u00e3o pensar muito \u00e0 frente, pensar apenas no pr\u00f3ximo jogo, gozar um bocadinho este, meia hora, e depois pensar no pr\u00f3ximo\u00bb.<\/p>\n","protected":false},"excerpt":{"rendered":"&#8211; Advertisement &#8211; Ap\u00f3s o Manchester United alcan\u00e7ar a vit\u00f3ria frente ao Brighton por 4-2, Ruben Amorim elogiou&hellip;\n","protected":false},"author":2,"featured_media":33424,"comment_status":"","ping_status":"","sticky":false,"template":"","format":"standard","meta":{"footnotes":""},"categories":[87],"tags":[260,8761,135,663,32,666,33,1052,134],"class_list":{"0":"post-126405","1":"post","2":"type-post","3":"status-publish","4":"format-standard","5":"has-post-thumbnail","7":"category-desporto","8":"tag-atualidade","9":"tag-brighton","10":"tag-desporto","11":"tag-manchester-united","12":"tag-portugal","13":"tag-premier-league","14":"tag-pt","15":"tag-ruben-amorim","16":"tag-sports"},"share_on_mastodon":{"url":"https:\/\/pubeurope.com\/@pt\/115437400573029105","error":""},"_links":{"self":[{"href":"https:\/\/www.europesays.com\/pt\/wp-json\/wp\/v2\/posts\/126405","targetHints":{"allow":["GET"]}}],"collection":[{"href":"https:\/\/www.europesays.com\/pt\/wp-json\/wp\/v2\/posts"}],"about":[{"href":"https:\/\/www.europesays.com\/pt\/wp-json\/wp\/v2\/types\/post"}],"author":[{"embeddable":true,"href":"https:\/\/www.europesays.com\/pt\/wp-json\/wp\/v2\/users\/2"}],"replies":[{"embeddable":true,"href":"https:\/\/www.europesays.com\/pt\/wp-json\/wp\/v2\/comments?post=126405"}],"version-history":[{"count":0,"href":"https:\/\/www.europesays.com\/pt\/wp-json\/wp\/v2\/posts\/126405\/revisions"}],"wp:featuredmedia":[{"embeddable":true,"href":"https:\/\/www.europesays.com\/pt\/wp-json\/wp\/v2\/media\/33424"}],"wp:attachment":[{"href":"https:\/\/www.europesays.com\/pt\/wp-json\/wp\/v2\/media?parent=126405"}],"wp:term":[{"taxonomy":"category","embeddable":true,"href":"https:\/\/www.europesays.com\/pt\/wp-json\/wp\/v2\/categories?post=126405"},{"taxonomy":"post_tag","embeddable":true,"href":"https:\/\/www.europesays.com\/pt\/wp-json\/wp\/v2\/tags?post=126405"}],"curies":[{"name":"wp","href":"https:\/\/api.w.org\/{rel}","templated":true}]}}