{"id":126414,"date":"2025-10-25T23:36:09","date_gmt":"2025-10-25T23:36:09","guid":{"rendered":"https:\/\/www.europesays.com\/pt\/126414\/"},"modified":"2025-10-25T23:36:09","modified_gmt":"2025-10-25T23:36:09","slug":"rui-prata-no-sou-pessoa-para-isso-antena-1","status":"publish","type":"post","link":"https:\/\/www.europesays.com\/pt\/126414\/","title":{"rendered":"Rui Prata no &#8220;Sou Pessoa para Isso&#8221; | Antena 1"},"content":{"rendered":"<p>Historiador, professor, curador. Diretor art\u00edstico do Imago Photo Festival de Lisboa.<\/p>\n<p>\u00c9 na fotografia de autor que se move, e tudo come\u00e7a numa m\u00e1quina oferecida pelo av\u00f4 materno.<\/p>\n<p>Dos Encontros da Imagem em Braga, que dirigiu at\u00e9 2013, at\u00e9 ao Festival que por estes dias, traz a Lisboa tantos dos olhares que nos fazem refletir sobre o racismo e a xenofobia. \u201cOs dist\u00farbios da sociedade podem ser ampliados e combatidos tamb\u00e9m atrav\u00e9s da fotografia\u201d, diz Rui Prata, fazendo luz sobre o tema curatorial deste ano \u2013 \u201cQuebrar o Sil\u00eancio \u2013 Caminhar Juntos\u201d \u2013 convidando-nos \u00e0 escuta e \u00e0 partilha, atrav\u00e9s da imagem.<\/p>\n<p>Recuperamos a inten\u00e7\u00e3o de criar o Museu da Fotografia, batizando o G-15, como grupo de press\u00e3o, e tamb\u00e9m falamos da IA, tema a abordar na oitava edi\u00e7\u00e3o do Imago, cujo mote ser\u00e1 \u201cRepensar a Fotografia\u201d.<\/p>\n<p>Rui Prata \u00e9 \u201cPessoa para Isso\u201d.<\/p>\n<p>Texto e programa de Teresa Dias Mendes<\/p>\n","protected":false},"excerpt":{"rendered":"Historiador, professor, curador. Diretor art\u00edstico do Imago Photo Festival de Lisboa. \u00c9 na fotografia de autor que se&hellip;\n","protected":false},"author":2,"featured_media":126415,"comment_status":"","ping_status":"","sticky":false,"template":"","format":"standard","meta":{"footnotes":""},"categories":[144],"tags":[207,205,206,203,201,202,204,114,115,32,33],"class_list":{"0":"post-126414","1":"post","2":"type-post","3":"status-publish","4":"format-standard","5":"has-post-thumbnail","7":"category-arte-e-design","8":"tag-arte","9":"tag-arte-e-design","10":"tag-artedesign","11":"tag-arts","12":"tag-arts-and-design","13":"tag-artsanddesign","14":"tag-design","15":"tag-entertainment","16":"tag-entretenimento","17":"tag-portugal","18":"tag-pt"},"share_on_mastodon":{"url":"https:\/\/pubeurope.com\/@pt\/115437435785215542","error":""},"_links":{"self":[{"href":"https:\/\/www.europesays.com\/pt\/wp-json\/wp\/v2\/posts\/126414","targetHints":{"allow":["GET"]}}],"collection":[{"href":"https:\/\/www.europesays.com\/pt\/wp-json\/wp\/v2\/posts"}],"about":[{"href":"https:\/\/www.europesays.com\/pt\/wp-json\/wp\/v2\/types\/post"}],"author":[{"embeddable":true,"href":"https:\/\/www.europesays.com\/pt\/wp-json\/wp\/v2\/users\/2"}],"replies":[{"embeddable":true,"href":"https:\/\/www.europesays.com\/pt\/wp-json\/wp\/v2\/comments?post=126414"}],"version-history":[{"count":0,"href":"https:\/\/www.europesays.com\/pt\/wp-json\/wp\/v2\/posts\/126414\/revisions"}],"wp:featuredmedia":[{"embeddable":true,"href":"https:\/\/www.europesays.com\/pt\/wp-json\/wp\/v2\/media\/126415"}],"wp:attachment":[{"href":"https:\/\/www.europesays.com\/pt\/wp-json\/wp\/v2\/media?parent=126414"}],"wp:term":[{"taxonomy":"category","embeddable":true,"href":"https:\/\/www.europesays.com\/pt\/wp-json\/wp\/v2\/categories?post=126414"},{"taxonomy":"post_tag","embeddable":true,"href":"https:\/\/www.europesays.com\/pt\/wp-json\/wp\/v2\/tags?post=126414"}],"curies":[{"name":"wp","href":"https:\/\/api.w.org\/{rel}","templated":true}]}}