{"id":126416,"date":"2025-10-25T23:38:10","date_gmt":"2025-10-25T23:38:10","guid":{"rendered":"https:\/\/www.europesays.com\/pt\/126416\/"},"modified":"2025-10-25T23:38:10","modified_gmt":"2025-10-25T23:38:10","slug":"catarina-miranda-e-afonso-leitao-surpreendem-em-direto-com-detalhe-inesperado-secret-story","status":"publish","type":"post","link":"https:\/\/www.europesays.com\/pt\/126416\/","title":{"rendered":"Catarina Miranda e Afonso Leit\u00e3o surpreendem em direto com detalhe inesperado &#8211; Secret Story"},"content":{"rendered":"<p style=\"margin-bottom:11px\"><strong>No programa \u201cEm Fam\u00edlia\u201d deste s\u00e1bado<\/strong>, 25 de outubro, <a href=\"https:\/\/tvi.iol.pt\/secretstory\/search?pagina=1&amp;pesquisa=catarina+miranda%20e%20afonso%20leit%C3%A3o\" rel=\"nofollow noopener\" target=\"_blank\">Catarina Miranda e Afonso Leit\u00e3o <\/a>voltaram a marcar presen\u00e7a no ecr\u00e3, <strong>e um detalhe n\u00e3o passou despercebido<\/strong>. <a href=\"https:\/\/tvi.iol.pt\/secretstory\/search?pagina=1&amp;pesquisa=catarina+miranda%20e%20afonso%20leit%C3%A3o\" rel=\"nofollow noopener\" target=\"_blank\">O casal <\/a><strong>surgiu com camisolas iguais<\/strong>, um gesto que rapidamente captou a aten\u00e7\u00e3o dos telespectadores.<\/p>\n<p>Mas <strong>o look coordenado tinha um motivo especial<\/strong>. <a href=\"https:\/\/tvi.iol.pt\/secretstory\/search?pagina=1&amp;pesquisa=catarina+miranda%20e%20afonso%20leit%C3%A3o\" rel=\"nofollow noopener\" target=\"_blank\">Catarina e Afonso <\/a><strong>aproveitaram o momento para anunciar o novo projeto: a marca \u201cCALE\u201d<\/strong>, criada pelos pr\u00f3prios f\u00e3s e inspirada no casal. <strong>O nome \u00e9 um acr\u00f3nimo que junta as iniciais de ambos<\/strong>.<\/p>\n<p>\u00abHouve uns f\u00e3s nossos que queriam muito que lan\u00e7\u00e1ssemos uma linha de roupa. Ent\u00e3o, adiantaram-se\u00bb, explicou Catarina, divertida. \u00abTivemos um jantar com eles, foram muito queridos e criaram estas camisolas para n\u00f3s as lan\u00e7armos oficialmente.\u00bb confessou Catarina Miranda.\u00a0<\/p>\n<p><a href=\"https:\/\/tvi.iol.pt\/secretstory\/search?pagina=1&amp;pesquisa=catarina+miranda%20e%20afonso%20leit%C3%A3o\" rel=\"nofollow noopener\" target=\"_blank\">O casal<\/a> revelou ainda que foi essa iniciativa dos seguidores que os inspirou a abra\u00e7ar a ideia e<strong> transformar o gesto carinhoso numa marca oficial<\/strong>.<\/p>\n<p><strong>Veja aqui a entrevista completa:\u00a0<\/strong><\/p>\n<p>\u00a0<\/p>\n","protected":false},"excerpt":{"rendered":"No programa \u201cEm Fam\u00edlia\u201d deste s\u00e1bado, 25 de outubro, Catarina Miranda e Afonso Leit\u00e3o voltaram a marcar presen\u00e7a&hellip;\n","protected":false},"author":2,"featured_media":126417,"comment_status":"","ping_status":"","sticky":false,"template":"","format":"standard","meta":{"footnotes":""},"categories":[142],"tags":[2031,18706,342,114,115,18705,32,33,151,18704],"class_list":{"0":"post-126416","1":"post","2":"type-post","3":"status-publish","4":"format-standard","5":"has-post-thumbnail","7":"category-tv","8":"tag-afonso-leitao","9":"tag-bastidores-secret-story","10":"tag-catarina-miranda","11":"tag-entertainment","12":"tag-entretenimento","13":"tag-entrevistas-concorrentes-tvi","14":"tag-portugal","15":"tag-pt","16":"tag-tv","17":"tag-vida-fora-da-casa"},"share_on_mastodon":{"url":"https:\/\/pubeurope.com\/@pt\/115437443661483210","error":""},"_links":{"self":[{"href":"https:\/\/www.europesays.com\/pt\/wp-json\/wp\/v2\/posts\/126416","targetHints":{"allow":["GET"]}}],"collection":[{"href":"https:\/\/www.europesays.com\/pt\/wp-json\/wp\/v2\/posts"}],"about":[{"href":"https:\/\/www.europesays.com\/pt\/wp-json\/wp\/v2\/types\/post"}],"author":[{"embeddable":true,"href":"https:\/\/www.europesays.com\/pt\/wp-json\/wp\/v2\/users\/2"}],"replies":[{"embeddable":true,"href":"https:\/\/www.europesays.com\/pt\/wp-json\/wp\/v2\/comments?post=126416"}],"version-history":[{"count":0,"href":"https:\/\/www.europesays.com\/pt\/wp-json\/wp\/v2\/posts\/126416\/revisions"}],"wp:featuredmedia":[{"embeddable":true,"href":"https:\/\/www.europesays.com\/pt\/wp-json\/wp\/v2\/media\/126417"}],"wp:attachment":[{"href":"https:\/\/www.europesays.com\/pt\/wp-json\/wp\/v2\/media?parent=126416"}],"wp:term":[{"taxonomy":"category","embeddable":true,"href":"https:\/\/www.europesays.com\/pt\/wp-json\/wp\/v2\/categories?post=126416"},{"taxonomy":"post_tag","embeddable":true,"href":"https:\/\/www.europesays.com\/pt\/wp-json\/wp\/v2\/tags?post=126416"}],"curies":[{"name":"wp","href":"https:\/\/api.w.org\/{rel}","templated":true}]}}