{"id":126442,"date":"2025-10-26T00:07:17","date_gmt":"2025-10-26T00:07:17","guid":{"rendered":"https:\/\/www.europesays.com\/pt\/126442\/"},"modified":"2025-10-26T00:07:17","modified_gmt":"2025-10-26T00:07:17","slug":"quem-vai-sair-fas-do-secret-story-nao-tem-duvidas-e-apontam-quem-querem-ver-fora-do-jogo","status":"publish","type":"post","link":"https:\/\/www.europesays.com\/pt\/126442\/","title":{"rendered":"\u00a0\u2018Quem vai sair?\u2019 &#8211; F\u00e3s do Secret Story n\u00e3o t\u00eam d\u00favidas e apontam quem querem ver fora do jogo"},"content":{"rendered":"<p>\t\t\t\t\t\t\t\t\t\t\t\t<a href=\"#\" onclick=\"window.open('http:\/\/www.facebook.com\/sharer.php?u=https:\/\/cusquices.com\/quem-vai-sair-fas-do-secret-story-nao-tem-duvidas-e-apontam-quem-querem-ver-fora-do-jogo\/&amp;t=\u00a0\u2018Quem vai sair?\u2019 \u2013 F\u00e3s do Secret Story n\u00e3o t\u00eam d\u00favidas e apontam quem querem ver fora do jogo', 'facebookShare', 'width=626,height=436'); return false;\" title=\"Share on Facebook\"><\/p>\n<p>Share<\/p>\n<p><\/a><br \/>\n\t\t\t\t\t\t\t\t\t\t\t\t<a href=\"#\" onclick=\"window.open('http:\/\/twitter.com\/share?text=\u00a0\u2018Quem vai sair?\u2019 \u2013 F\u00e3s do Secret Story n\u00e3o t\u00eam d\u00favidas e apontam quem querem ver fora do jogo -&amp;url=https:\/\/cusquices.com\/quem-vai-sair-fas-do-secret-story-nao-tem-duvidas-e-apontam-quem-querem-ver-fora-do-jogo\/', 'twitterShare', 'width=626,height=436'); return false;\" title=\"Tweet This Post\"><\/p>\n<p>Tweet<\/p>\n<p><\/a><br \/>\n\t\t\t\t\t\t\t\t\t\t\t\t<a href=\"whatsapp:\/\/send?text=\u00a0\u2018Quem vai sair?\u2019 \u2013 F\u00e3s do Secret Story n\u00e3o t\u00eam d\u00favidas e apontam quem querem ver fora do jogo https:\/\/cusquices.com\/quem-vai-sair-fas-do-secret-story-nao-tem-duvidas-e-apontam-quem-querem-ver-fora-do-jogo\/\" rel=\"nofollow\"><\/p>\n<p>Share<\/p>\n<p><\/a><br \/>\n\t\t\t\t\t\t\t\t\t\t\t\t<a href=\"#\" onclick=\"window.open('http:\/\/pinterest.com\/pin\/create\/button\/?url=https:\/\/cusquices.com\/quem-vai-sair-fas-do-secret-story-nao-tem-duvidas-e-apontam-quem-querem-ver-fora-do-jogo\/&amp;media=https:\/\/cusquices.com\/wp-content\/uploads\/2025\/10\/concorrentes-ssnomeados6-1000x600.jpg&amp;description=\u00a0\u2018Quem vai sair?\u2019 \u2013 F\u00e3s do Secret Story n\u00e3o t\u00eam d\u00favidas e apontam quem querem ver fora do jogo', 'pinterestShare', 'width=750,height=350'); return false;\" title=\"Pin This Post\"><\/p>\n<p>Share<\/p>\n<p><\/a><br \/>\n\t\t\t\t\t\t\t\t\t\t\t\t<a href=\"mailto:?subject=\u00a0\u2018Quem vai sair?\u2019 \u2013 F\u00e3s do Secret Story n\u00e3o t\u00eam d\u00favidas e apontam quem querem ver fora do jogo&amp;BODY=I found this article interesting and thought of sharing it with you. Check it out: https:\/\/cusquices.com\/quem-vai-sair-fas-do-secret-story-nao-tem-duvidas-e-apontam-quem-querem-ver-fora-do-jogo\/\"><\/p>\n<p>Email<\/p>\n<p><\/a><br \/>\n\t\t\t\t\t\t\t\t\t\t\t\t\t\t\t\t\t\t\t\t\t\t\t\t\t\t\t\t\t\t\t\t\t\t\t\t\t\t\t\t\t\t\t\t\t\t\t\t\t\t\t\t\t<a href=\"https:\/\/cusquices.com\/quem-vai-sair-fas-do-secret-story-nao-tem-duvidas-e-apontam-quem-querem-ver-fora-do-jogo\/#respond\" rel=\"nofollow noopener\" target=\"_blank\"><\/p>\n<p>F\u00e3s do Secret Story n\u00e3o t\u00eam d\u00favidas e apontam quem querem ver fora do jogo.<\/p>\n<p>Este domingo, 26 de outubro,\u00a0<strong>Cristina Ferreira\u00a0<\/strong>conduz mais uma gala do\u00a0<strong>Secret Story.<\/strong>\u00a0As portas da casa mais vigiada do pa\u00eds v\u00e3o voltar a abrir-se para expulsar mais um concorrente \u2013 <strong>Bruno, In\u00eas, Liliana, Mariana e Rui<\/strong>.<\/p>\n<p>A TVI j\u00e1 questionou nas redes sociais\u00a0<strong>\u201cQuem vai sair?\u201d<\/strong>\u00a0e as rea\u00e7\u00f5es n\u00e3o tardaram. Os f\u00e3s do reality show j\u00e1 decidiram quem querem ver fora do jogo e o nome mais mencionado \u00e9 o de <strong>Bruno.<\/strong><\/p>\n<p><strong>\u201cEst\u00e1 na hora do Bruno sair ! Chega de homofobia e machismo !!\u201d, \u201cO Bruno com 99% de certeza\u201d, \u201c\u201dVai embora Bruno e leva a In\u00eas. O Rui pode ir a seguir\u201d, \u201cBruno sair e depois Dylan e depois In\u00eas\u201d, \u201cRua Bruno j\u00e1 vais tarde\u201d, \u201cB R U N O . Por favor ele tem de sair\u201d, \u201cAdorava que o Bruno sa\u00edsse. Nem compreendo como algu\u00e9m vota nele\u201d<\/strong>, s\u00e3o apenas alguns exemplos.<\/p>\n<blockquote class=\"instagram-media\" data-instgrm-captioned=\"\" data-instgrm-permalink=\"https:\/\/www.instagram.com\/p\/DQPA2uujLep\/?utm_source=ig_embed&amp;utm_campaign=loading\" data-instgrm-version=\"14\" style=\" background:#FFF; border:0; border-radius:3px; box-shadow:0 0 1px 0 rgba(0,0,0,0.5),0 1px 10px 0 rgba(0,0,0,0.15); margin: 1px; max-width:540px; min-width:326px; padding:0; width:99.375%; width:-webkit-calc(100% - 2px); width:calc(100% - 2px);\"\/>\n<p><strong>Leia tamb\u00e9m:<\/strong><\/p>\n<p>\t\t\t\t\t\t\t\t\t\t\t\t\t\t\t\t\t\t\t\t\t\t\t\t\t<img decoding=\"async\" src=\"https:\/\/www.europesays.com\/pt\/wp-content\/uploads\/2025\/10\/cusquices-logo-52x.png\" class=\"webpexpress-processed\"\/><\/p>\n<p>\t\t\t\t\t\t\t\t\t\t\t\t\t\t\t\t\t\t\t\t\t            \t\t\t\t\t\t\t\t\t\t\t\t\t\t\t\t\t\t\t\t\t\t\t\t\t\t\t\t\t\t\t\t\t\t\t\t\t\t\t<script async src=\"https:\/\/platform.twitter.com\/widgets.js\" charset=\"utf-8\"><\/script><script async src=\"\/\/www.instagram.com\/embed.js\"><\/script><\/p>\n","protected":false},"excerpt":{"rendered":"Share Tweet Share Share Email F\u00e3s do Secret Story n\u00e3o t\u00eam d\u00favidas e apontam quem querem ver fora&hellip;\n","protected":false},"author":2,"featured_media":126443,"comment_status":"","ping_status":"","sticky":false,"template":"","format":"standard","meta":{"footnotes":""},"categories":[8],"tags":[27,28,2632,49,15,16,14,25,26,21,22,12,13,19,20,32,23,24,33,17,18,29,30,31],"class_list":{"0":"post-126442","1":"post","2":"type-post","3":"status-publish","4":"format-standard","5":"has-post-thumbnail","7":"category-principais-noticias","8":"tag-breaking-news","9":"tag-breakingnews","10":"tag-casa-dos-segredos","11":"tag-destaques","12":"tag-featured-news","13":"tag-featurednews","14":"tag-headlines","15":"tag-latest-news","16":"tag-latestnews","17":"tag-main-news","18":"tag-mainnews","19":"tag-news","20":"tag-noticias","21":"tag-noticias-principais","22":"tag-noticiasprincipais","23":"tag-portugal","24":"tag-principais-noticias","25":"tag-principaisnoticias","26":"tag-pt","27":"tag-top-stories","28":"tag-topstories","29":"tag-ultimas","30":"tag-ultimas-noticias","31":"tag-ultimasnoticias"},"share_on_mastodon":{"url":"https:\/\/pubeurope.com\/@pt\/115437557802936203","error":""},"_links":{"self":[{"href":"https:\/\/www.europesays.com\/pt\/wp-json\/wp\/v2\/posts\/126442","targetHints":{"allow":["GET"]}}],"collection":[{"href":"https:\/\/www.europesays.com\/pt\/wp-json\/wp\/v2\/posts"}],"about":[{"href":"https:\/\/www.europesays.com\/pt\/wp-json\/wp\/v2\/types\/post"}],"author":[{"embeddable":true,"href":"https:\/\/www.europesays.com\/pt\/wp-json\/wp\/v2\/users\/2"}],"replies":[{"embeddable":true,"href":"https:\/\/www.europesays.com\/pt\/wp-json\/wp\/v2\/comments?post=126442"}],"version-history":[{"count":0,"href":"https:\/\/www.europesays.com\/pt\/wp-json\/wp\/v2\/posts\/126442\/revisions"}],"wp:featuredmedia":[{"embeddable":true,"href":"https:\/\/www.europesays.com\/pt\/wp-json\/wp\/v2\/media\/126443"}],"wp:attachment":[{"href":"https:\/\/www.europesays.com\/pt\/wp-json\/wp\/v2\/media?parent=126442"}],"wp:term":[{"taxonomy":"category","embeddable":true,"href":"https:\/\/www.europesays.com\/pt\/wp-json\/wp\/v2\/categories?post=126442"},{"taxonomy":"post_tag","embeddable":true,"href":"https:\/\/www.europesays.com\/pt\/wp-json\/wp\/v2\/tags?post=126442"}],"curies":[{"name":"wp","href":"https:\/\/api.w.org\/{rel}","templated":true}]}}